{"id":36186,"date":"2025-08-19T14:30:54","date_gmt":"2025-08-19T14:30:54","guid":{"rendered":"https:\/\/cnctulua.tv\/?p=36186"},"modified":"2025-08-19T15:08:11","modified_gmt":"2025-08-19T15:08:11","slug":"capturan-a-alias-el-loco-presunto-colaborador-de-los-espartanos-en-buenaventura","status":"publish","type":"post","link":"https:\/\/cnctulua.tv\/?p=36186","title":{"rendered":"Capturan a alias \u2018El Loco\u2019, presunto colaborador de Los Espartanos en Buenaventura."},"content":{"rendered":"\n<p>En una operaci\u00f3n conjunta entre la Polic\u00eda Nacional y la Armada Nacional fue detenido en el barrio Viento Libre, comuna cuatro de Buenaventura, un hombre identificado con el alias de \u2018El Loco\u2019.<\/p>\n\n\n\n<figure class=\"wp-block-embed is-type-video is-provider-youtube wp-block-embed-youtube wp-embed-aspect-16-9 wp-has-aspect-ratio\"><div class=\"wp-block-embed__wrapper\">\n<iframe loading=\"lazy\" title=\"\ud83d\udea8 Capturado alias \u2018El Loco\u2019 en Buenaventura. \ud83d\udea8\" width=\"640\" height=\"360\" src=\"https:\/\/www.youtube.com\/embed\/G6SVshRgoBg?feature=oembed\" frameborder=\"0\" allow=\"accelerometer; autoplay; clipboard-write; encrypted-media; gyroscope; picture-in-picture; web-share\" referrerpolicy=\"strict-origin-when-cross-origin\" allowfullscreen><\/iframe>\n<\/div><\/figure>\n\n\n\n<p>Seg\u00fan las investigaciones, ser\u00eda colaborador del grupo delincuencial organizado Los Espartanos, vinculado a casos de desaparici\u00f3n forzada en el puerto.<\/p>\n\n\n\n<p>En diligencias anteriores, las autoridades le hab\u00edan incautado un cocodrilo que, de acuerdo con la informaci\u00f3n recopilada, habr\u00eda sido usado como m\u00e9todo para desaparecer personas.<\/p>\n\n\n\n<p>El capturado tiene antecedentes judiciales por homicidio, tr\u00e1fico de estupefacientes y aprovechamiento il\u00edcito de recursos naturales.<\/p>\n\n\n\n<p>La Polic\u00eda Nacional se\u00f1al\u00f3 que continuar\u00e1 desarrollando operaciones para desarticular a las organizaciones criminales que amenazan la seguridad y la convivencia en Buenaventura.<\/p>\n\n\n\n<p><\/p>\n","protected":false},"excerpt":{"rendered":"<p>En una operaci\u00f3n conjunta entre la Polic\u00eda Nacional y la Armada Nacional fue detenido en el barrio Viento Libre, comuna cuatro de Buenaventura, un hombre identificado con el alias de \u2018El Loco\u2019. Seg\u00fan las investigaciones, ser\u00eda colaborador del grupo delincuencial organizado Los Espartanos, vinculado a casos de desaparici\u00f3n forzada en el puerto. En diligencias anteriores, [&hellip;]<\/p>\n","protected":false},"author":3,"featured_media":36210,"comment_status":"open","ping_status":"open","sticky":false,"template":"","format":"video","meta":{"footnotes":""},"categories":[10,1515],"tags":[],"class_list":["post-36186","post","type-post","status-publish","format-video","has-post-thumbnail","hentry","category-cnc-noticias-tulua","category-cnc-tulua","post_format-post-format-video"],"_links":{"self":[{"href":"https:\/\/cnctulua.tv\/index.php?rest_route=\/wp\/v2\/posts\/36186","targetHints":{"allow":["GET"]}}],"collection":[{"href":"https:\/\/cnctulua.tv\/index.php?rest_route=\/wp\/v2\/posts"}],"about":[{"href":"https:\/\/cnctulua.tv\/index.php?rest_route=\/wp\/v2\/types\/post"}],"author":[{"embeddable":true,"href":"https:\/\/cnctulua.tv\/index.php?rest_route=\/wp\/v2\/users\/3"}],"replies":[{"embeddable":true,"href":"https:\/\/cnctulua.tv\/index.php?rest_route=%2Fwp%2Fv2%2Fcomments&post=36186"}],"version-history":[{"count":1,"href":"https:\/\/cnctulua.tv\/index.php?rest_route=\/wp\/v2\/posts\/36186\/revisions"}],"predecessor-version":[{"id":36208,"href":"https:\/\/cnctulua.tv\/index.php?rest_route=\/wp\/v2\/posts\/36186\/revisions\/36208"}],"wp:featuredmedia":[{"embeddable":true,"href":"https:\/\/cnctulua.tv\/index.php?rest_route=\/wp\/v2\/media\/36210"}],"wp:attachment":[{"href":"https:\/\/cnctulua.tv\/index.php?rest_route=%2Fwp%2Fv2%2Fmedia&parent=36186"}],"wp:term":[{"taxonomy":"category","embeddable":true,"href":"https:\/\/cnctulua.tv\/index.php?rest_route=%2Fwp%2Fv2%2Fcategories&post=36186"},{"taxonomy":"post_tag","embeddable":true,"href":"https:\/\/cnctulua.tv\/index.php?rest_route=%2Fwp%2Fv2%2Ftags&post=36186"}],"curies":[{"name":"wp","href":"https:\/\/api.w.org\/{rel}","templated":true}]}}