{"id":36187,"date":"2025-08-19T16:18:20","date_gmt":"2025-08-19T16:18:20","guid":{"rendered":"https:\/\/cnctulua.tv\/?p=36187"},"modified":"2025-08-19T16:18:20","modified_gmt":"2025-08-19T16:18:20","slug":"en-restrepo-valle-del-cauca-retienen-a-ciudadano-colombiano-requerido-por-italia-por-violencia-sexual-y-amenazas","status":"publish","type":"post","link":"https:\/\/cnctulua.tv\/?p=36187","title":{"rendered":"En Restrepo, Valle del Cauca, retienen a ciudadano colombiano requerido por Italia por violencia sexual y amenazas."},"content":{"rendered":"\n<p>La Polic\u00eda Nacional, a trav\u00e9s de Interpol Colombia, retuvo en Restrepo, Valle del Cauca, a un ciudadano colombiano solicitado por las autoridades judiciales de Italia mediante circular roja, por los delitos de violencia sexual y amenazas.<\/p>\n\n\n\n<figure class=\"wp-block-embed is-type-video is-provider-youtube wp-block-embed-youtube wp-embed-aspect-16-9 wp-has-aspect-ratio\"><div class=\"wp-block-embed__wrapper\">\n<iframe loading=\"lazy\" title=\"\ud83d\udea8 Retenci\u00f3n en Restrepo, Valle del Cauca. \ud83d\udea8\" width=\"640\" height=\"360\" src=\"https:\/\/www.youtube.com\/embed\/Bn6Djf0B8RA?feature=oembed\" frameborder=\"0\" allow=\"accelerometer; autoplay; clipboard-write; encrypted-media; gyroscope; picture-in-picture; web-share\" referrerpolicy=\"strict-origin-when-cross-origin\" allowfullscreen><\/iframe>\n<\/div><\/figure>\n\n\n\n<p>El procedimiento se enmarca en las acciones del Bloque de B\u00fasqueda apoyado por la Uni\u00f3n Europea. Seg\u00fan la informaci\u00f3n judicial, el ciudadano habr\u00eda cometido agresiones sexuales en reiteradas ocasiones contra una menor de edad, adem\u00e1s de ejercer amenazas para evitar denuncias.<\/p>\n\n\n\n<figure class=\"wp-block-image size-full\"><img loading=\"lazy\" decoding=\"async\" width=\"867\" height=\"549\" src=\"https:\/\/cnctulua.tv\/wp-content\/uploads\/2025\/08\/polic.png\" alt=\"\" class=\"wp-image-36212\" srcset=\"https:\/\/cnctulua.tv\/wp-content\/uploads\/2025\/08\/polic.png 867w, https:\/\/cnctulua.tv\/wp-content\/uploads\/2025\/08\/polic-300x190.png 300w, https:\/\/cnctulua.tv\/wp-content\/uploads\/2025\/08\/polic-768x486.png 768w\" sizes=\"auto, (max-width: 867px) 100vw, 867px\" \/><\/figure>\n\n\n\n<p>El Tribunal de Mantova, en Italia, ya lo hab\u00eda condenado por estos hechos. Su detenci\u00f3n en Colombia fue posible gracias al intercambio de informaci\u00f3n con Interpol Italia y al trabajo de verificaci\u00f3n en terreno.<\/p>\n\n\n\n<p>Las autoridades se\u00f1alaron que este es el **objetivo n\u00famero 18 ejecutado por Colombia en el marco del programa**, lo que consolida al pa\u00eds como la segunda naci\u00f3n con m\u00e1s retenciones internacionales despu\u00e9s de Espa\u00f1a.<\/p>\n\n\n\n<p>El retenido fue puesto a disposici\u00f3n de la Fiscal\u00eda General de la Naci\u00f3n, en espera de la documentaci\u00f3n diplom\u00e1tica que permitir\u00e1 avanzar en el proceso de extradici\u00f3n.<\/p>\n","protected":false},"excerpt":{"rendered":"<p>La Polic\u00eda Nacional, a trav\u00e9s de Interpol Colombia, retuvo en Restrepo, Valle del Cauca, a un ciudadano colombiano solicitado por las autoridades judiciales de Italia mediante circular roja, por los delitos de violencia sexual y amenazas. El procedimiento se enmarca en las acciones del Bloque de B\u00fasqueda apoyado por la Uni\u00f3n Europea. Seg\u00fan la informaci\u00f3n [&hellip;]<\/p>\n","protected":false},"author":3,"featured_media":36211,"comment_status":"open","ping_status":"open","sticky":false,"template":"","format":"video","meta":{"footnotes":""},"categories":[10,1515],"tags":[],"class_list":["post-36187","post","type-post","status-publish","format-video","has-post-thumbnail","hentry","category-cnc-noticias-tulua","category-cnc-tulua","post_format-post-format-video"],"_links":{"self":[{"href":"https:\/\/cnctulua.tv\/index.php?rest_route=\/wp\/v2\/posts\/36187","targetHints":{"allow":["GET"]}}],"collection":[{"href":"https:\/\/cnctulua.tv\/index.php?rest_route=\/wp\/v2\/posts"}],"about":[{"href":"https:\/\/cnctulua.tv\/index.php?rest_route=\/wp\/v2\/types\/post"}],"author":[{"embeddable":true,"href":"https:\/\/cnctulua.tv\/index.php?rest_route=\/wp\/v2\/users\/3"}],"replies":[{"embeddable":true,"href":"https:\/\/cnctulua.tv\/index.php?rest_route=%2Fwp%2Fv2%2Fcomments&post=36187"}],"version-history":[{"count":1,"href":"https:\/\/cnctulua.tv\/index.php?rest_route=\/wp\/v2\/posts\/36187\/revisions"}],"predecessor-version":[{"id":36213,"href":"https:\/\/cnctulua.tv\/index.php?rest_route=\/wp\/v2\/posts\/36187\/revisions\/36213"}],"wp:featuredmedia":[{"embeddable":true,"href":"https:\/\/cnctulua.tv\/index.php?rest_route=\/wp\/v2\/media\/36211"}],"wp:attachment":[{"href":"https:\/\/cnctulua.tv\/index.php?rest_route=%2Fwp%2Fv2%2Fmedia&parent=36187"}],"wp:term":[{"taxonomy":"category","embeddable":true,"href":"https:\/\/cnctulua.tv\/index.php?rest_route=%2Fwp%2Fv2%2Fcategories&post=36187"},{"taxonomy":"post_tag","embeddable":true,"href":"https:\/\/cnctulua.tv\/index.php?rest_route=%2Fwp%2Fv2%2Ftags&post=36187"}],"curies":[{"name":"wp","href":"https:\/\/api.w.org\/{rel}","templated":true}]}}