{"id":36188,"date":"2025-08-19T17:16:41","date_gmt":"2025-08-19T17:16:41","guid":{"rendered":"https:\/\/cnctulua.tv\/?p=36188"},"modified":"2025-08-19T17:16:41","modified_gmt":"2025-08-19T17:16:41","slug":"148-emprendedores-de-el-cerrito-fortalecen-sus-negocios-con-valleinn","status":"publish","type":"post","link":"https:\/\/cnctulua.tv\/?p=36188","title":{"rendered":"148 emprendedores de El Cerrito fortalecen sus negocios con ValleINN+."},"content":{"rendered":"\n<p>Un total de 148 emprendedores del municipio de El Cerrito recibieron insumos, herramientas y capacitaciones como parte del programa ValleINN+, impulsado por la Gobernaci\u00f3n del Valle.<\/p>\n\n\n\n<figure class=\"wp-block-embed is-type-video is-provider-youtube wp-block-embed-youtube wp-embed-aspect-16-9 wp-has-aspect-ratio\"><div class=\"wp-block-embed__wrapper\">\nhttps:\/\/youtu.be\/8JG-Oe99cYw\n<\/div><\/figure>\n\n\n\n<p>El objetivo de la iniciativa es fortalecer las unidades productivas locales, generar empleo y ampliar las oportunidades de desarrollo econ\u00f3mico en la regi\u00f3n.<\/p>\n\n\n\n<figure class=\"wp-block-image size-full\"><img loading=\"lazy\" decoding=\"async\" width=\"926\" height=\"542\" src=\"https:\/\/cnctulua.tv\/wp-content\/uploads\/2025\/08\/148-1.png\" alt=\"\" class=\"wp-image-36215\" srcset=\"https:\/\/cnctulua.tv\/wp-content\/uploads\/2025\/08\/148-1.png 926w, https:\/\/cnctulua.tv\/wp-content\/uploads\/2025\/08\/148-1-300x176.png 300w, https:\/\/cnctulua.tv\/wp-content\/uploads\/2025\/08\/148-1-768x450.png 768w\" sizes=\"auto, (max-width: 926px) 100vw, 926px\" \/><\/figure>\n\n\n\n<p>Los beneficiarios recibieron maquinaria y equipos que les permitir\u00e1n mejorar su capacidad de producci\u00f3n. Asimismo, participaron en procesos de formaci\u00f3n en marketing digital, ventas y finanzas, lo que facilita la gesti\u00f3n de sus negocios.<\/p>\n\n\n\n<p>De acuerdo con la Gobernaci\u00f3n, el programa responde a compromisos adquiridos en los Conversatorios Ciudadanos realizados en 2024.<\/p>\n","protected":false},"excerpt":{"rendered":"<p>Un total de 148 emprendedores del municipio de El Cerrito recibieron insumos, herramientas y capacitaciones como parte del programa ValleINN+, impulsado por la Gobernaci\u00f3n del Valle. El objetivo de la iniciativa es fortalecer las unidades productivas locales, generar empleo y ampliar las oportunidades de desarrollo econ\u00f3mico en la regi\u00f3n. Los beneficiarios recibieron maquinaria y equipos [&hellip;]<\/p>\n","protected":false},"author":3,"featured_media":36214,"comment_status":"open","ping_status":"open","sticky":false,"template":"","format":"video","meta":{"footnotes":""},"categories":[1],"tags":[],"class_list":["post-36188","post","type-post","status-publish","format-video","has-post-thumbnail","hentry","category-uncategorized","post_format-post-format-video"],"_links":{"self":[{"href":"https:\/\/cnctulua.tv\/index.php?rest_route=\/wp\/v2\/posts\/36188","targetHints":{"allow":["GET"]}}],"collection":[{"href":"https:\/\/cnctulua.tv\/index.php?rest_route=\/wp\/v2\/posts"}],"about":[{"href":"https:\/\/cnctulua.tv\/index.php?rest_route=\/wp\/v2\/types\/post"}],"author":[{"embeddable":true,"href":"https:\/\/cnctulua.tv\/index.php?rest_route=\/wp\/v2\/users\/3"}],"replies":[{"embeddable":true,"href":"https:\/\/cnctulua.tv\/index.php?rest_route=%2Fwp%2Fv2%2Fcomments&post=36188"}],"version-history":[{"count":1,"href":"https:\/\/cnctulua.tv\/index.php?rest_route=\/wp\/v2\/posts\/36188\/revisions"}],"predecessor-version":[{"id":36228,"href":"https:\/\/cnctulua.tv\/index.php?rest_route=\/wp\/v2\/posts\/36188\/revisions\/36228"}],"wp:featuredmedia":[{"embeddable":true,"href":"https:\/\/cnctulua.tv\/index.php?rest_route=\/wp\/v2\/media\/36214"}],"wp:attachment":[{"href":"https:\/\/cnctulua.tv\/index.php?rest_route=%2Fwp%2Fv2%2Fmedia&parent=36188"}],"wp:term":[{"taxonomy":"category","embeddable":true,"href":"https:\/\/cnctulua.tv\/index.php?rest_route=%2Fwp%2Fv2%2Fcategories&post=36188"},{"taxonomy":"post_tag","embeddable":true,"href":"https:\/\/cnctulua.tv\/index.php?rest_route=%2Fwp%2Fv2%2Ftags&post=36188"}],"curies":[{"name":"wp","href":"https:\/\/api.w.org\/{rel}","templated":true}]}}