{"id":36189,"date":"2025-08-19T16:49:56","date_gmt":"2025-08-19T16:49:56","guid":{"rendered":"https:\/\/cnctulua.tv\/?p=36189"},"modified":"2025-08-19T16:51:00","modified_gmt":"2025-08-19T16:51:00","slug":"feria-empresarial-2025-en-tulua-estudiantes-presentaron-proyectos-de-emprendimiento-e-innovacion","status":"publish","type":"post","link":"https:\/\/cnctulua.tv\/?p=36189","title":{"rendered":"Feria Empresarial 2025 en Tulu\u00e1: estudiantes presentaron proyectos de emprendimiento e innovaci\u00f3n."},"content":{"rendered":"\n<p>En el coliseo de pesas Aymer Orozco se llev\u00f3 a cabo la Feria Empresarial 2025 del Colegio San Pedro Claver de Tulu\u00e1, que lleg\u00f3 a su versi\u00f3n n\u00famero 16. El evento cont\u00f3 con la participaci\u00f3n de estudiantes desde grado sexto hasta once, quienes presentaron propuestas de negocio y servicios como parte de su formaci\u00f3n t\u00e9cnica en gesti\u00f3n empresarial.<\/p>\n\n\n\n<figure class=\"wp-block-embed is-type-video is-provider-youtube wp-block-embed-youtube wp-embed-aspect-16-9 wp-has-aspect-ratio\"><div class=\"wp-block-embed__wrapper\">\n<iframe loading=\"lazy\" title=\"\ud83c\udf93\ud83d\udca1 En Tulu\u00e1 se realiz\u00f3 la Feria Empresarial 2025 del Colegio San Pedro Claver.  \ud83d\udc69\u200d\ud83c\udf93\ud83d\udc68\u200d\ud83c\udf93\" width=\"640\" height=\"360\" src=\"https:\/\/www.youtube.com\/embed\/6fMIs3s_Uxs?feature=oembed\" frameborder=\"0\" allow=\"accelerometer; autoplay; clipboard-write; encrypted-media; gyroscope; picture-in-picture; web-share\" referrerpolicy=\"strict-origin-when-cross-origin\" allowfullscreen><\/iframe>\n<\/div><\/figure>\n\n\n\n<p>La muestra incluy\u00f3 stands tem\u00e1ticos, charlas, exposiciones estudiantiles y actividades dise\u00f1adas para impulsar la creatividad y el esp\u00edritu emprendedor.<\/p>\n\n\n\n<figure class=\"wp-block-image size-large\"><img loading=\"lazy\" decoding=\"async\" width=\"1024\" height=\"768\" src=\"https:\/\/cnctulua.tv\/wp-content\/uploads\/2025\/08\/WhatsApp-Image-2025-08-19-at-11.48.34-AM-2-1024x768.jpeg\" alt=\"\" class=\"wp-image-36218\" srcset=\"https:\/\/cnctulua.tv\/wp-content\/uploads\/2025\/08\/WhatsApp-Image-2025-08-19-at-11.48.34-AM-2-1024x768.jpeg 1024w, https:\/\/cnctulua.tv\/wp-content\/uploads\/2025\/08\/WhatsApp-Image-2025-08-19-at-11.48.34-AM-2-300x225.jpeg 300w, https:\/\/cnctulua.tv\/wp-content\/uploads\/2025\/08\/WhatsApp-Image-2025-08-19-at-11.48.34-AM-2-768x576.jpeg 768w, https:\/\/cnctulua.tv\/wp-content\/uploads\/2025\/08\/WhatsApp-Image-2025-08-19-at-11.48.34-AM-2-1536x1152.jpeg 1536w, https:\/\/cnctulua.tv\/wp-content\/uploads\/2025\/08\/WhatsApp-Image-2025-08-19-at-11.48.34-AM-2.jpeg 1600w\" sizes=\"auto, (max-width: 1024px) 100vw, 1024px\" \/><\/figure>\n\n\n\n<p>La feria es parte del proceso acad\u00e9mico de los alumnos de grado once, quienes deben aplicar sus conocimientos en gesti\u00f3n empresarial en proyectos pr\u00e1cticos que, adem\u00e1s de ser evaluados, buscan fomentar la creaci\u00f3n de nuevas ideas de negocio.<\/p>\n\n\n\n<figure class=\"wp-block-image size-large\"><img loading=\"lazy\" decoding=\"async\" width=\"1024\" height=\"768\" src=\"https:\/\/cnctulua.tv\/wp-content\/uploads\/2025\/08\/WhatsApp-Image-2025-08-19-at-11.48.33-AM-1024x768.jpeg\" alt=\"\" class=\"wp-image-36219\" srcset=\"https:\/\/cnctulua.tv\/wp-content\/uploads\/2025\/08\/WhatsApp-Image-2025-08-19-at-11.48.33-AM-1024x768.jpeg 1024w, https:\/\/cnctulua.tv\/wp-content\/uploads\/2025\/08\/WhatsApp-Image-2025-08-19-at-11.48.33-AM-300x225.jpeg 300w, https:\/\/cnctulua.tv\/wp-content\/uploads\/2025\/08\/WhatsApp-Image-2025-08-19-at-11.48.33-AM-768x576.jpeg 768w, https:\/\/cnctulua.tv\/wp-content\/uploads\/2025\/08\/WhatsApp-Image-2025-08-19-at-11.48.33-AM-1536x1152.jpeg 1536w, https:\/\/cnctulua.tv\/wp-content\/uploads\/2025\/08\/WhatsApp-Image-2025-08-19-at-11.48.33-AM.jpeg 1600w\" sizes=\"auto, (max-width: 1024px) 100vw, 1024px\" \/><\/figure>\n\n\n\n<p>Este encuentro, que regres\u00f3 tras la pandemia, reuni\u00f3 a la comunidad educativa y al p\u00fablico en general, con el prop\u00f3sito de visibilizar la importancia de la innovaci\u00f3n en los procesos formativos.<\/p>\n","protected":false},"excerpt":{"rendered":"<p>En el coliseo de pesas Aymer Orozco se llev\u00f3 a cabo la Feria Empresarial 2025 del Colegio San Pedro Claver de Tulu\u00e1, que lleg\u00f3 a su versi\u00f3n n\u00famero 16. El evento cont\u00f3 con la participaci\u00f3n de estudiantes desde grado sexto hasta once, quienes presentaron propuestas de negocio y servicios como parte de su formaci\u00f3n t\u00e9cnica [&hellip;]<\/p>\n","protected":false},"author":3,"featured_media":36217,"comment_status":"open","ping_status":"open","sticky":false,"template":"","format":"video","meta":{"footnotes":""},"categories":[10,1515],"tags":[],"class_list":["post-36189","post","type-post","status-publish","format-video","has-post-thumbnail","hentry","category-cnc-noticias-tulua","category-cnc-tulua","post_format-post-format-video"],"_links":{"self":[{"href":"https:\/\/cnctulua.tv\/index.php?rest_route=\/wp\/v2\/posts\/36189","targetHints":{"allow":["GET"]}}],"collection":[{"href":"https:\/\/cnctulua.tv\/index.php?rest_route=\/wp\/v2\/posts"}],"about":[{"href":"https:\/\/cnctulua.tv\/index.php?rest_route=\/wp\/v2\/types\/post"}],"author":[{"embeddable":true,"href":"https:\/\/cnctulua.tv\/index.php?rest_route=\/wp\/v2\/users\/3"}],"replies":[{"embeddable":true,"href":"https:\/\/cnctulua.tv\/index.php?rest_route=%2Fwp%2Fv2%2Fcomments&post=36189"}],"version-history":[{"count":2,"href":"https:\/\/cnctulua.tv\/index.php?rest_route=\/wp\/v2\/posts\/36189\/revisions"}],"predecessor-version":[{"id":36220,"href":"https:\/\/cnctulua.tv\/index.php?rest_route=\/wp\/v2\/posts\/36189\/revisions\/36220"}],"wp:featuredmedia":[{"embeddable":true,"href":"https:\/\/cnctulua.tv\/index.php?rest_route=\/wp\/v2\/media\/36217"}],"wp:attachment":[{"href":"https:\/\/cnctulua.tv\/index.php?rest_route=%2Fwp%2Fv2%2Fmedia&parent=36189"}],"wp:term":[{"taxonomy":"category","embeddable":true,"href":"https:\/\/cnctulua.tv\/index.php?rest_route=%2Fwp%2Fv2%2Fcategories&post=36189"},{"taxonomy":"post_tag","embeddable":true,"href":"https:\/\/cnctulua.tv\/index.php?rest_route=%2Fwp%2Fv2%2Ftags&post=36189"}],"curies":[{"name":"wp","href":"https:\/\/api.w.org\/{rel}","templated":true}]}}