{"id":36191,"date":"2025-08-19T17:15:36","date_gmt":"2025-08-19T17:15:36","guid":{"rendered":"https:\/\/cnctulua.tv\/?p=36191"},"modified":"2025-08-19T17:15:36","modified_gmt":"2025-08-19T17:15:36","slug":"transicion-mostro-sus-avances-en-bilinguismo-durante-la-feria-empresarial-del-colegio-san-pedro-claver","status":"publish","type":"post","link":"https:\/\/cnctulua.tv\/?p=36191","title":{"rendered":"Transici\u00f3n mostr\u00f3 sus avances en biling\u00fcismo durante la Feria Empresarial del Colegio San Pedro Claver."},"content":{"rendered":"\n<p>En la Feria Empresarial 2025 del Colegio San Pedro Claver, la comunidad educativa no solo conoci\u00f3 los proyectos de los grados superiores, sino tambi\u00e9n las presentaciones de los m\u00e1s peque\u00f1os. Los estudiantes de transici\u00f3n participaron con actividades en ingl\u00e9s que hicieron parte del componente de biling\u00fcismo de la instituci\u00f3n.<\/p>\n\n\n\n<figure class=\"wp-block-embed is-type-video is-provider-youtube wp-block-embed-youtube wp-embed-aspect-16-9 wp-has-aspect-ratio\"><div class=\"wp-block-embed__wrapper\">\n<iframe loading=\"lazy\" title=\"Estudiantes de transici\u00f3n mostraron avances en ingl\u00e9s en Feria Empresarial.\" width=\"640\" height=\"360\" src=\"https:\/\/www.youtube.com\/embed\/3N3ZTjMMnxg?feature=oembed\" frameborder=\"0\" allow=\"accelerometer; autoplay; clipboard-write; encrypted-media; gyroscope; picture-in-picture; web-share\" referrerpolicy=\"strict-origin-when-cross-origin\" allowfullscreen><\/iframe>\n<\/div><\/figure>\n\n\n\n<p>Las demostraciones incluyeron canciones, di\u00e1logos sencillos y ejercicios de presentaci\u00f3n personal en un segundo idioma. Seg\u00fan explic\u00f3 la docente de lenguas extranjeras, estas din\u00e1micas se desarrollan con m\u00e9todos sensoriales que buscan estimular los sentidos de los ni\u00f1os para facilitar el aprendizaje.<\/p>\n\n\n\n<figure class=\"wp-block-image size-large\"><img loading=\"lazy\" decoding=\"async\" width=\"1024\" height=\"768\" src=\"https:\/\/cnctulua.tv\/wp-content\/uploads\/2025\/08\/WhatsApp-Image-2025-08-19-at-11.48.33-AM-2-1024x768.jpeg\" alt=\"\" class=\"wp-image-36226\" srcset=\"https:\/\/cnctulua.tv\/wp-content\/uploads\/2025\/08\/WhatsApp-Image-2025-08-19-at-11.48.33-AM-2-1024x768.jpeg 1024w, https:\/\/cnctulua.tv\/wp-content\/uploads\/2025\/08\/WhatsApp-Image-2025-08-19-at-11.48.33-AM-2-300x225.jpeg 300w, https:\/\/cnctulua.tv\/wp-content\/uploads\/2025\/08\/WhatsApp-Image-2025-08-19-at-11.48.33-AM-2-768x576.jpeg 768w, https:\/\/cnctulua.tv\/wp-content\/uploads\/2025\/08\/WhatsApp-Image-2025-08-19-at-11.48.33-AM-2-1536x1152.jpeg 1536w, https:\/\/cnctulua.tv\/wp-content\/uploads\/2025\/08\/WhatsApp-Image-2025-08-19-at-11.48.33-AM-2.jpeg 1600w\" sizes=\"auto, (max-width: 1024px) 100vw, 1024px\" \/><\/figure>\n\n\n\n<p>La participaci\u00f3n de los estudiantes permiti\u00f3 evidenciar los avances en habilidades comunicativas, as\u00ed como la confianza para expresarse frente a un p\u00fablico. Una de las intervenciones estuvo a cargo de la estudiante Guadalupe Acevedo, quien present\u00f3 a su familia en ingl\u00e9s.<\/p>\n\n\n\n<p>Este tipo de espacios refuerzan la formaci\u00f3n integral de los estudiantes, al vincular el emprendimiento, la innovaci\u00f3n y el biling\u00fcismo en una misma jornada acad\u00e9mica.<\/p>\n","protected":false},"excerpt":{"rendered":"<p>En la Feria Empresarial 2025 del Colegio San Pedro Claver, la comunidad educativa no solo conoci\u00f3 los proyectos de los grados superiores, sino tambi\u00e9n las presentaciones de los m\u00e1s peque\u00f1os. Los estudiantes de transici\u00f3n participaron con actividades en ingl\u00e9s que hicieron parte del componente de biling\u00fcismo de la instituci\u00f3n. Las demostraciones incluyeron canciones, di\u00e1logos sencillos [&hellip;]<\/p>\n","protected":false},"author":3,"featured_media":36225,"comment_status":"open","ping_status":"open","sticky":false,"template":"","format":"video","meta":{"footnotes":""},"categories":[10,1515],"tags":[],"class_list":["post-36191","post","type-post","status-publish","format-video","has-post-thumbnail","hentry","category-cnc-noticias-tulua","category-cnc-tulua","post_format-post-format-video"],"_links":{"self":[{"href":"https:\/\/cnctulua.tv\/index.php?rest_route=\/wp\/v2\/posts\/36191","targetHints":{"allow":["GET"]}}],"collection":[{"href":"https:\/\/cnctulua.tv\/index.php?rest_route=\/wp\/v2\/posts"}],"about":[{"href":"https:\/\/cnctulua.tv\/index.php?rest_route=\/wp\/v2\/types\/post"}],"author":[{"embeddable":true,"href":"https:\/\/cnctulua.tv\/index.php?rest_route=\/wp\/v2\/users\/3"}],"replies":[{"embeddable":true,"href":"https:\/\/cnctulua.tv\/index.php?rest_route=%2Fwp%2Fv2%2Fcomments&post=36191"}],"version-history":[{"count":1,"href":"https:\/\/cnctulua.tv\/index.php?rest_route=\/wp\/v2\/posts\/36191\/revisions"}],"predecessor-version":[{"id":36227,"href":"https:\/\/cnctulua.tv\/index.php?rest_route=\/wp\/v2\/posts\/36191\/revisions\/36227"}],"wp:featuredmedia":[{"embeddable":true,"href":"https:\/\/cnctulua.tv\/index.php?rest_route=\/wp\/v2\/media\/36225"}],"wp:attachment":[{"href":"https:\/\/cnctulua.tv\/index.php?rest_route=%2Fwp%2Fv2%2Fmedia&parent=36191"}],"wp:term":[{"taxonomy":"category","embeddable":true,"href":"https:\/\/cnctulua.tv\/index.php?rest_route=%2Fwp%2Fv2%2Fcategories&post=36191"},{"taxonomy":"post_tag","embeddable":true,"href":"https:\/\/cnctulua.tv\/index.php?rest_route=%2Fwp%2Fv2%2Ftags&post=36191"}],"curies":[{"name":"wp","href":"https:\/\/api.w.org\/{rel}","templated":true}]}}