{"id":36192,"date":"2025-08-19T17:31:25","date_gmt":"2025-08-19T17:31:25","guid":{"rendered":"https:\/\/cnctulua.tv\/?p=36192"},"modified":"2025-08-19T17:31:25","modified_gmt":"2025-08-19T17:31:25","slug":"armada-de-colombia-rescato-a-tres-panamenos-a-la-deriva-en-el-pacifico","status":"publish","type":"post","link":"https:\/\/cnctulua.tv\/?p=36192","title":{"rendered":"Armada de Colombia rescat\u00f3 a tres paname\u00f1os a la deriva en el Pac\u00edfico."},"content":{"rendered":"\n<p>La Armada de Colombia confirm\u00f3 el rescate de tres hombres de nacionalidad paname\u00f1a que permanec\u00edan a la deriva en aguas del Pac\u00edfico, luego de que la embarcaci\u00f3n en la que viajaban sufriera una falla mec\u00e1nica en su motor.<\/p>\n\n\n\n<figure class=\"wp-block-embed is-type-video is-provider-youtube wp-block-embed-youtube wp-embed-aspect-16-9 wp-has-aspect-ratio\"><div class=\"wp-block-embed__wrapper\">\n<iframe loading=\"lazy\" title=\"\ud83d\udea4 Tres ciudadanos paname\u00f1os fueron rescatados por la Armada de Colombia.\" width=\"640\" height=\"360\" src=\"https:\/\/www.youtube.com\/embed\/ngsae0FhZwU?feature=oembed\" frameborder=\"0\" allow=\"accelerometer; autoplay; clipboard-write; encrypted-media; gyroscope; picture-in-picture; web-share\" referrerpolicy=\"strict-origin-when-cross-origin\" allowfullscreen><\/iframe>\n<\/div><\/figure>\n\n\n\n<p>La emergencia fue atendida tras una alerta recibida por el Batall\u00f3n de Infanter\u00eda de Marina No. 22, que permiti\u00f3 desplegar una Unidad de Reacci\u00f3n R\u00e1pida de la Estaci\u00f3n de Guardacostas de Bah\u00eda Solano. Luego de cinco horas de b\u00fasqueda, los marinos localizaron la embarcaci\u00f3n a 80 millas n\u00e1uticas del municipio, donde hallaron a los tripulantes con s\u00edntomas de deshidrataci\u00f3n.<\/p>\n\n\n\n<figure class=\"wp-block-image size-large\"><img loading=\"lazy\" decoding=\"async\" width=\"1024\" height=\"541\" src=\"https:\/\/cnctulua.tv\/wp-content\/uploads\/2025\/08\/res-cartad-1024x541.png\" alt=\"\" class=\"wp-image-36230\" srcset=\"https:\/\/cnctulua.tv\/wp-content\/uploads\/2025\/08\/res-cartad-1024x541.png 1024w, https:\/\/cnctulua.tv\/wp-content\/uploads\/2025\/08\/res-cartad-300x158.png 300w, https:\/\/cnctulua.tv\/wp-content\/uploads\/2025\/08\/res-cartad-768x406.png 768w, https:\/\/cnctulua.tv\/wp-content\/uploads\/2025\/08\/res-cartad.png 1066w\" sizes=\"auto, (max-width: 1024px) 100vw, 1024px\" \/><\/figure>\n\n\n\n<p>Los hombres recibieron atenci\u00f3n m\u00e9dica inicial y posteriormente fueron remitidos a un centro asistencial local. Seg\u00fan el reporte de las autoridades paname\u00f1as, la embarcaci\u00f3n hab\u00eda zarpado desde Ant\u00f3n el pasado 13 de agosto con destino a faena de pesca en \u201cLos Santos\u201d, pero qued\u00f3 inmovilizada tras presentar da\u00f1os mec\u00e1nicos.<\/p>\n\n\n\n<p>La situaci\u00f3n fue puesta en conocimiento de Migraci\u00f3n Colombia para dar inicio al proceso de repatriaci\u00f3n de los ciudadanos.<\/p>\n\n\n\n<p>En lo corrido del a\u00f1o, la Armada ha rescatado 93 personas en distintas operaciones de b\u00fasqueda y rescate en el Pac\u00edfico.<\/p>\n","protected":false},"excerpt":{"rendered":"<p>La Armada de Colombia confirm\u00f3 el rescate de tres hombres de nacionalidad paname\u00f1a que permanec\u00edan a la deriva en aguas del Pac\u00edfico, luego de que la embarcaci\u00f3n en la que viajaban sufriera una falla mec\u00e1nica en su motor. La emergencia fue atendida tras una alerta recibida por el Batall\u00f3n de Infanter\u00eda de Marina No. 22, [&hellip;]<\/p>\n","protected":false},"author":3,"featured_media":36229,"comment_status":"open","ping_status":"open","sticky":false,"template":"","format":"video","meta":{"footnotes":""},"categories":[10,1515],"tags":[],"class_list":["post-36192","post","type-post","status-publish","format-video","has-post-thumbnail","hentry","category-cnc-noticias-tulua","category-cnc-tulua","post_format-post-format-video"],"_links":{"self":[{"href":"https:\/\/cnctulua.tv\/index.php?rest_route=\/wp\/v2\/posts\/36192","targetHints":{"allow":["GET"]}}],"collection":[{"href":"https:\/\/cnctulua.tv\/index.php?rest_route=\/wp\/v2\/posts"}],"about":[{"href":"https:\/\/cnctulua.tv\/index.php?rest_route=\/wp\/v2\/types\/post"}],"author":[{"embeddable":true,"href":"https:\/\/cnctulua.tv\/index.php?rest_route=\/wp\/v2\/users\/3"}],"replies":[{"embeddable":true,"href":"https:\/\/cnctulua.tv\/index.php?rest_route=%2Fwp%2Fv2%2Fcomments&post=36192"}],"version-history":[{"count":1,"href":"https:\/\/cnctulua.tv\/index.php?rest_route=\/wp\/v2\/posts\/36192\/revisions"}],"predecessor-version":[{"id":36231,"href":"https:\/\/cnctulua.tv\/index.php?rest_route=\/wp\/v2\/posts\/36192\/revisions\/36231"}],"wp:featuredmedia":[{"embeddable":true,"href":"https:\/\/cnctulua.tv\/index.php?rest_route=\/wp\/v2\/media\/36229"}],"wp:attachment":[{"href":"https:\/\/cnctulua.tv\/index.php?rest_route=%2Fwp%2Fv2%2Fmedia&parent=36192"}],"wp:term":[{"taxonomy":"category","embeddable":true,"href":"https:\/\/cnctulua.tv\/index.php?rest_route=%2Fwp%2Fv2%2Fcategories&post=36192"},{"taxonomy":"post_tag","embeddable":true,"href":"https:\/\/cnctulua.tv\/index.php?rest_route=%2Fwp%2Fv2%2Ftags&post=36192"}],"curies":[{"name":"wp","href":"https:\/\/api.w.org\/{rel}","templated":true}]}}