{"id":36196,"date":"2025-08-19T18:17:48","date_gmt":"2025-08-19T18:17:48","guid":{"rendered":"https:\/\/cnctulua.tv\/?p=36196"},"modified":"2025-08-19T18:17:48","modified_gmt":"2025-08-19T18:17:48","slug":"capturado-en-cerrito-presunto-responsable-de-homicidio","status":"publish","type":"post","link":"https:\/\/cnctulua.tv\/?p=36196","title":{"rendered":"Capturado en Cerrito presunto responsable de homicidio."},"content":{"rendered":"\n<p>La Polic\u00eda Nacional report\u00f3 la captura en flagrancia de un ciudadano se\u00f1alado de ser el presunto responsable de un homicidio en el municipio de Cerrito.<\/p>\n\n\n\n<figure class=\"wp-block-embed is-type-video is-provider-youtube wp-block-embed-youtube wp-embed-aspect-16-9 wp-has-aspect-ratio\"><div class=\"wp-block-embed__wrapper\">\n<iframe loading=\"lazy\" title=\"\ud83d\udcf9 Cerrito: capturado presunto responsable de homicidio.\" width=\"640\" height=\"360\" src=\"https:\/\/www.youtube.com\/embed\/T8QCFv-nDb4?feature=oembed\" frameborder=\"0\" allow=\"accelerometer; autoplay; clipboard-write; encrypted-media; gyroscope; picture-in-picture; web-share\" referrerpolicy=\"strict-origin-when-cross-origin\" allowfullscreen><\/iframe>\n<\/div><\/figure>\n\n\n\n<p>Seg\u00fan la informaci\u00f3n preliminar, la situaci\u00f3n se present\u00f3 tras una discusi\u00f3n entre la v\u00edctima y el hoy capturado. El enfrentamiento termin\u00f3 en un forcejeo, durante el cual el detenido accion\u00f3 un arma de fuego que le caus\u00f3 la muerte a la v\u00edctima.<\/p>\n\n\n\n<p>En la acci\u00f3n, las autoridades incautaron una pistola calibre 9 mm, un proveedor y tres cartuchos. Tanto el detenido como los elementos fueron puestos a disposici\u00f3n de la Fiscal\u00eda General de la Naci\u00f3n, que continuar\u00e1 con el proceso de judicializaci\u00f3n.<\/p>\n\n\n\n<p>La Polic\u00eda Nacional asegur\u00f3 que seguir\u00e1 desarrollando acciones orientadas a preservar la seguridad y la convivencia en la regi\u00f3n.<\/p>\n","protected":false},"excerpt":{"rendered":"<p>La Polic\u00eda Nacional report\u00f3 la captura en flagrancia de un ciudadano se\u00f1alado de ser el presunto responsable de un homicidio en el municipio de Cerrito. Seg\u00fan la informaci\u00f3n preliminar, la situaci\u00f3n se present\u00f3 tras una discusi\u00f3n entre la v\u00edctima y el hoy capturado. El enfrentamiento termin\u00f3 en un forcejeo, durante el cual el detenido accion\u00f3 [&hellip;]<\/p>\n","protected":false},"author":3,"featured_media":36237,"comment_status":"open","ping_status":"open","sticky":false,"template":"","format":"video","meta":{"footnotes":""},"categories":[10,1515],"tags":[],"class_list":["post-36196","post","type-post","status-publish","format-video","has-post-thumbnail","hentry","category-cnc-noticias-tulua","category-cnc-tulua","post_format-post-format-video"],"_links":{"self":[{"href":"https:\/\/cnctulua.tv\/index.php?rest_route=\/wp\/v2\/posts\/36196","targetHints":{"allow":["GET"]}}],"collection":[{"href":"https:\/\/cnctulua.tv\/index.php?rest_route=\/wp\/v2\/posts"}],"about":[{"href":"https:\/\/cnctulua.tv\/index.php?rest_route=\/wp\/v2\/types\/post"}],"author":[{"embeddable":true,"href":"https:\/\/cnctulua.tv\/index.php?rest_route=\/wp\/v2\/users\/3"}],"replies":[{"embeddable":true,"href":"https:\/\/cnctulua.tv\/index.php?rest_route=%2Fwp%2Fv2%2Fcomments&post=36196"}],"version-history":[{"count":1,"href":"https:\/\/cnctulua.tv\/index.php?rest_route=\/wp\/v2\/posts\/36196\/revisions"}],"predecessor-version":[{"id":36238,"href":"https:\/\/cnctulua.tv\/index.php?rest_route=\/wp\/v2\/posts\/36196\/revisions\/36238"}],"wp:featuredmedia":[{"embeddable":true,"href":"https:\/\/cnctulua.tv\/index.php?rest_route=\/wp\/v2\/media\/36237"}],"wp:attachment":[{"href":"https:\/\/cnctulua.tv\/index.php?rest_route=%2Fwp%2Fv2%2Fmedia&parent=36196"}],"wp:term":[{"taxonomy":"category","embeddable":true,"href":"https:\/\/cnctulua.tv\/index.php?rest_route=%2Fwp%2Fv2%2Fcategories&post=36196"},{"taxonomy":"post_tag","embeddable":true,"href":"https:\/\/cnctulua.tv\/index.php?rest_route=%2Fwp%2Fv2%2Ftags&post=36196"}],"curies":[{"name":"wp","href":"https:\/\/api.w.org\/{rel}","templated":true}]}}