{"id":36245,"date":"2025-08-19T19:03:00","date_gmt":"2025-08-19T19:03:00","guid":{"rendered":"https:\/\/cnctulua.tv\/?p=36245"},"modified":"2025-08-19T19:03:00","modified_gmt":"2025-08-19T19:03:00","slug":"valle-del-cauca-sera-sede-de-la-final-nacional-de-los-juegos-intercolegiados-2025","status":"publish","type":"post","link":"https:\/\/cnctulua.tv\/?p=36245","title":{"rendered":"Valle del Cauca ser\u00e1 sede de la final nacional de los Juegos Intercolegiados 2025."},"content":{"rendered":"\n<p>El Valle del Cauca fue seleccionado como sede de la final nacional de los Juegos Intercolegiados 2025, confirm\u00f3 el Ministerio del Deporte. La competencia escolar m\u00e1s importante del pa\u00eds se desarrollar\u00e1 en Cali y Palmira, del 20 de octubre al 9 de noviembre, y reunir\u00e1 a m\u00e1s de 7.000 j\u00f3venes atletas de diferentes regiones del pa\u00eds.<\/p>\n\n\n\n<figure class=\"wp-block-embed is-type-video is-provider-youtube wp-block-embed-youtube wp-embed-aspect-16-9 wp-has-aspect-ratio\"><div class=\"wp-block-embed__wrapper\">\n<iframe loading=\"lazy\" title=\"Valle del Cauca: Sede de los Juegos Intercolegiados 2025.\" width=\"640\" height=\"360\" src=\"https:\/\/www.youtube.com\/embed\/RdcNddj4-4o?feature=oembed\" frameborder=\"0\" allow=\"accelerometer; autoplay; clipboard-write; encrypted-media; gyroscope; picture-in-picture; web-share\" referrerpolicy=\"strict-origin-when-cross-origin\" allowfullscreen><\/iframe>\n<\/div><\/figure>\n\n\n\n<p>La Gobernadora Dilian Francisca Toro destac\u00f3 la importancia de este evento:<\/p>\n\n\n\n<p>\u201cNuestro departamento sigue demostrando su liderazgo deportivo en Colombia. Los guerreros vallecaucanos representar\u00e1n a sus instituciones educativas y dar\u00e1n lo mejor por los colores de nuestra bandera\u201d, se\u00f1al\u00f3 la mandataria.<\/p>\n\n\n\n<p>Durante esta fase final se competir\u00e1n 38 disciplinas: 20 individuales, como atletismo, nataci\u00f3n, gimnasia, ciclismo, lucha y taekwondo; 11 de conjunto, como f\u00fatbol, baloncesto, voleibol y rugby; y 7 en modalidades adaptadas, incluyendo paranataci\u00f3n, paracycling y tenis en silla de ruedas.<\/p>\n\n\n\n<p>La Ministra del Deporte, Patricia Duque Cruz, resalt\u00f3 el papel del deporte como herramienta de transformaci\u00f3n social y garantiz\u00f3 las condiciones de bienestar para todos los participantes. Este a\u00f1o, los Juegos Intercolegiados movilizaron a 588.013 estudiantes de 10.327 instituciones educativas en 1.076 municipios del pa\u00eds. La inversi\u00f3n del Ministerio del Deporte supera los 15.000 millones de pesos.<\/p>\n\n\n\n<p>El Valle del Cauca se prepara para recibir con entusiasmo a los j\u00f3venes atletas y reafirma su compromiso con la formaci\u00f3n deportiva y el fortalecimiento del semillero de talentos en Colombia.<\/p>\n","protected":false},"excerpt":{"rendered":"<p>El Valle del Cauca fue seleccionado como sede de la final nacional de los Juegos Intercolegiados 2025, confirm\u00f3 el Ministerio del Deporte. La competencia escolar m\u00e1s importante del pa\u00eds se desarrollar\u00e1 en Cali y Palmira, del 20 de octubre al 9 de noviembre, y reunir\u00e1 a m\u00e1s de 7.000 j\u00f3venes atletas de diferentes regiones del [&hellip;]<\/p>\n","protected":false},"author":3,"featured_media":36253,"comment_status":"open","ping_status":"open","sticky":false,"template":"","format":"video","meta":{"footnotes":""},"categories":[1],"tags":[],"class_list":["post-36245","post","type-post","status-publish","format-video","has-post-thumbnail","hentry","category-uncategorized","post_format-post-format-video"],"_links":{"self":[{"href":"https:\/\/cnctulua.tv\/index.php?rest_route=\/wp\/v2\/posts\/36245","targetHints":{"allow":["GET"]}}],"collection":[{"href":"https:\/\/cnctulua.tv\/index.php?rest_route=\/wp\/v2\/posts"}],"about":[{"href":"https:\/\/cnctulua.tv\/index.php?rest_route=\/wp\/v2\/types\/post"}],"author":[{"embeddable":true,"href":"https:\/\/cnctulua.tv\/index.php?rest_route=\/wp\/v2\/users\/3"}],"replies":[{"embeddable":true,"href":"https:\/\/cnctulua.tv\/index.php?rest_route=%2Fwp%2Fv2%2Fcomments&post=36245"}],"version-history":[{"count":1,"href":"https:\/\/cnctulua.tv\/index.php?rest_route=\/wp\/v2\/posts\/36245\/revisions"}],"predecessor-version":[{"id":36255,"href":"https:\/\/cnctulua.tv\/index.php?rest_route=\/wp\/v2\/posts\/36245\/revisions\/36255"}],"wp:featuredmedia":[{"embeddable":true,"href":"https:\/\/cnctulua.tv\/index.php?rest_route=\/wp\/v2\/media\/36253"}],"wp:attachment":[{"href":"https:\/\/cnctulua.tv\/index.php?rest_route=%2Fwp%2Fv2%2Fmedia&parent=36245"}],"wp:term":[{"taxonomy":"category","embeddable":true,"href":"https:\/\/cnctulua.tv\/index.php?rest_route=%2Fwp%2Fv2%2Fcategories&post=36245"},{"taxonomy":"post_tag","embeddable":true,"href":"https:\/\/cnctulua.tv\/index.php?rest_route=%2Fwp%2Fv2%2Ftags&post=36245"}],"curies":[{"name":"wp","href":"https:\/\/api.w.org\/{rel}","templated":true}]}}