{"id":36290,"date":"2025-08-21T13:41:48","date_gmt":"2025-08-21T13:41:48","guid":{"rendered":"https:\/\/cnctulua.tv\/?p=36290"},"modified":"2025-08-21T13:41:48","modified_gmt":"2025-08-21T13:41:48","slug":"capturan-en-flagrancia-a-alias-torito-en-la-victoria-valle-del-cauca","status":"publish","type":"post","link":"https:\/\/cnctulua.tv\/?p=36290","title":{"rendered":"Capturan en flagrancia a alias \u2018Torito\u2019 en La Victoria, Valle del Cauca."},"content":{"rendered":"\n<p>En el municipio de La Victoria, norte del Valle del Cauca, fue capturado alias Torito, se\u00f1alado por las autoridades como presunto dinamizador del microtr\u00e1fico y de homicidios selectivos en la regi\u00f3n.<\/p>\n\n\n\n<figure class=\"wp-block-embed is-type-video is-provider-youtube wp-block-embed-youtube wp-embed-aspect-16-9 wp-has-aspect-ratio\"><div class=\"wp-block-embed__wrapper\">\n<iframe loading=\"lazy\" title=\"\ud83d\ude94 Capturan en flagrancia a alias Torito en La Victoria, Valle\" width=\"640\" height=\"360\" src=\"https:\/\/www.youtube.com\/embed\/wWFG1EXt7gw?feature=oembed\" frameborder=\"0\" allow=\"accelerometer; autoplay; clipboard-write; encrypted-media; gyroscope; picture-in-picture; web-share\" referrerpolicy=\"strict-origin-when-cross-origin\" allowfullscreen><\/iframe>\n<\/div><\/figure>\n\n\n\n<p>El operativo fue ejecutado por unidades del Grupo de Operaciones Especiales \u2013 GOES y de la Estaci\u00f3n de Polic\u00eda La Victoria en el sector conocido como La Arenera. Seg\u00fan el reporte oficial, alias Torito descendi\u00f3 de un veh\u00edculo armado y desobedeci\u00f3 las voces de alto, intentando huir y arrojando un rev\u00f3lver a un charco de agua. El arma fue recuperada en el lugar.<\/p>\n\n\n\n<p>Durante el procedimiento se incaut\u00f3 un rev\u00f3lver Smith &amp; Wesson calibre 38 con seis cartuchos. El hombre fue dejado a disposici\u00f3n de la Fiscal\u00eda y posteriormente un juez le dict\u00f3 medida de aseguramiento en centro carcelario.<\/p>\n\n\n\n<p>La Polic\u00eda Nacional record\u00f3 que mantiene su compromiso con la seguridad y la convivencia en el norte del departamento e invit\u00f3 a la ciudadan\u00eda a colaborar con informaci\u00f3n a trav\u00e9s de la l\u00ednea de emergencia 123.<\/p>\n","protected":false},"excerpt":{"rendered":"<p>En el municipio de La Victoria, norte del Valle del Cauca, fue capturado alias Torito, se\u00f1alado por las autoridades como presunto dinamizador del microtr\u00e1fico y de homicidios selectivos en la regi\u00f3n. El operativo fue ejecutado por unidades del Grupo de Operaciones Especiales \u2013 GOES y de la Estaci\u00f3n de Polic\u00eda La Victoria en el sector [&hellip;]<\/p>\n","protected":false},"author":3,"featured_media":36327,"comment_status":"open","ping_status":"open","sticky":false,"template":"","format":"video","meta":{"footnotes":""},"categories":[10,1515],"tags":[],"class_list":["post-36290","post","type-post","status-publish","format-video","has-post-thumbnail","hentry","category-cnc-noticias-tulua","category-cnc-tulua","post_format-post-format-video"],"_links":{"self":[{"href":"https:\/\/cnctulua.tv\/index.php?rest_route=\/wp\/v2\/posts\/36290","targetHints":{"allow":["GET"]}}],"collection":[{"href":"https:\/\/cnctulua.tv\/index.php?rest_route=\/wp\/v2\/posts"}],"about":[{"href":"https:\/\/cnctulua.tv\/index.php?rest_route=\/wp\/v2\/types\/post"}],"author":[{"embeddable":true,"href":"https:\/\/cnctulua.tv\/index.php?rest_route=\/wp\/v2\/users\/3"}],"replies":[{"embeddable":true,"href":"https:\/\/cnctulua.tv\/index.php?rest_route=%2Fwp%2Fv2%2Fcomments&post=36290"}],"version-history":[{"count":1,"href":"https:\/\/cnctulua.tv\/index.php?rest_route=\/wp\/v2\/posts\/36290\/revisions"}],"predecessor-version":[{"id":36328,"href":"https:\/\/cnctulua.tv\/index.php?rest_route=\/wp\/v2\/posts\/36290\/revisions\/36328"}],"wp:featuredmedia":[{"embeddable":true,"href":"https:\/\/cnctulua.tv\/index.php?rest_route=\/wp\/v2\/media\/36327"}],"wp:attachment":[{"href":"https:\/\/cnctulua.tv\/index.php?rest_route=%2Fwp%2Fv2%2Fmedia&parent=36290"}],"wp:term":[{"taxonomy":"category","embeddable":true,"href":"https:\/\/cnctulua.tv\/index.php?rest_route=%2Fwp%2Fv2%2Fcategories&post=36290"},{"taxonomy":"post_tag","embeddable":true,"href":"https:\/\/cnctulua.tv\/index.php?rest_route=%2Fwp%2Fv2%2Ftags&post=36290"}],"curies":[{"name":"wp","href":"https:\/\/api.w.org\/{rel}","templated":true}]}}