{"id":36297,"date":"2025-08-21T17:02:34","date_gmt":"2025-08-21T17:02:34","guid":{"rendered":"https:\/\/cnctulua.tv\/?p=36297"},"modified":"2025-08-21T17:02:34","modified_gmt":"2025-08-21T17:02:34","slug":"la-asamblea-del-valle-inicia-sesiones-extraordinarias-con-seis-proyectos-de-ordenanza","status":"publish","type":"post","link":"https:\/\/cnctulua.tv\/?p=36297","title":{"rendered":"La Asamblea del Valle inicia sesiones extraordinarias con seis proyectos de ordenanza."},"content":{"rendered":"\n<p>La Asamblea Departamental del Valle del Cauca instal\u00f3 el segundo periodo de sesiones extraordinarias de 2025, en el que ser\u00e1n discutidos seis proyectos de ordenanza, tres de ellos presentados por la Gobernaci\u00f3n.<\/p>\n\n\n\n<figure class=\"wp-block-embed is-type-video is-provider-youtube wp-block-embed-youtube wp-embed-aspect-16-9 wp-has-aspect-ratio\"><div class=\"wp-block-embed__wrapper\">\n<iframe loading=\"lazy\" title=\"Seis proyectos de ordenanza en estudio en la Asamblea del Valle. \ud83c\udfdb\ufe0f\" width=\"640\" height=\"360\" src=\"https:\/\/www.youtube.com\/embed\/PjWVT7wsE2Q?feature=oembed\" frameborder=\"0\" allow=\"accelerometer; autoplay; clipboard-write; encrypted-media; gyroscope; picture-in-picture; web-share\" referrerpolicy=\"strict-origin-when-cross-origin\" allowfullscreen><\/iframe>\n<\/div><\/figure>\n\n\n\n<p>Seg\u00fan explic\u00f3 la secretaria General del Valle, Liza Rodr\u00edguez, quien asisti\u00f3 en representaci\u00f3n de la gobernadora Dilian Francisca Toro, estas iniciativas buscan dar cumplimiento al Plan de Desarrollo \u201cLiderazgo que Transforma\u201d.<\/p>\n\n\n\n<p>Entre los proyectos presentados por la Gobernaci\u00f3n se encuentran la aprobaci\u00f3n de vigencias futuras, modificaciones presupuestales y la creaci\u00f3n del Consejo Departamental del Adulto Mayor.<\/p>\n\n\n\n<p>Por su parte, la Asamblea radic\u00f3 tres propuestas adicionales: la continuidad de la Conservaci\u00f3n del Paisaje Cultural Cafetero, empleos temporales en la Contralor\u00eda y la modificaci\u00f3n del reglamento interno de la corporaci\u00f3n.<\/p>\n","protected":false},"excerpt":{"rendered":"<p>La Asamblea Departamental del Valle del Cauca instal\u00f3 el segundo periodo de sesiones extraordinarias de 2025, en el que ser\u00e1n discutidos seis proyectos de ordenanza, tres de ellos presentados por la Gobernaci\u00f3n. Seg\u00fan explic\u00f3 la secretaria General del Valle, Liza Rodr\u00edguez, quien asisti\u00f3 en representaci\u00f3n de la gobernadora Dilian Francisca Toro, estas iniciativas buscan dar [&hellip;]<\/p>\n","protected":false},"author":3,"featured_media":36362,"comment_status":"open","ping_status":"open","sticky":false,"template":"","format":"video","meta":{"footnotes":""},"categories":[10,1515],"tags":[],"class_list":["post-36297","post","type-post","status-publish","format-video","has-post-thumbnail","hentry","category-cnc-noticias-tulua","category-cnc-tulua","post_format-post-format-video"],"_links":{"self":[{"href":"https:\/\/cnctulua.tv\/index.php?rest_route=\/wp\/v2\/posts\/36297","targetHints":{"allow":["GET"]}}],"collection":[{"href":"https:\/\/cnctulua.tv\/index.php?rest_route=\/wp\/v2\/posts"}],"about":[{"href":"https:\/\/cnctulua.tv\/index.php?rest_route=\/wp\/v2\/types\/post"}],"author":[{"embeddable":true,"href":"https:\/\/cnctulua.tv\/index.php?rest_route=\/wp\/v2\/users\/3"}],"replies":[{"embeddable":true,"href":"https:\/\/cnctulua.tv\/index.php?rest_route=%2Fwp%2Fv2%2Fcomments&post=36297"}],"version-history":[{"count":1,"href":"https:\/\/cnctulua.tv\/index.php?rest_route=\/wp\/v2\/posts\/36297\/revisions"}],"predecessor-version":[{"id":36363,"href":"https:\/\/cnctulua.tv\/index.php?rest_route=\/wp\/v2\/posts\/36297\/revisions\/36363"}],"wp:featuredmedia":[{"embeddable":true,"href":"https:\/\/cnctulua.tv\/index.php?rest_route=\/wp\/v2\/media\/36362"}],"wp:attachment":[{"href":"https:\/\/cnctulua.tv\/index.php?rest_route=%2Fwp%2Fv2%2Fmedia&parent=36297"}],"wp:term":[{"taxonomy":"category","embeddable":true,"href":"https:\/\/cnctulua.tv\/index.php?rest_route=%2Fwp%2Fv2%2Fcategories&post=36297"},{"taxonomy":"post_tag","embeddable":true,"href":"https:\/\/cnctulua.tv\/index.php?rest_route=%2Fwp%2Fv2%2Ftags&post=36297"}],"curies":[{"name":"wp","href":"https:\/\/api.w.org\/{rel}","templated":true}]}}