{"id":36303,"date":"2025-08-21T14:00:58","date_gmt":"2025-08-21T14:00:58","guid":{"rendered":"https:\/\/cnctulua.tv\/?p=36303"},"modified":"2025-08-21T14:00:58","modified_gmt":"2025-08-21T14:00:58","slug":"ricaurte-celebra-los-92-anos-de-las-fiestas-del-divino-eccehomo","status":"publish","type":"post","link":"https:\/\/cnctulua.tv\/?p=36303","title":{"rendered":"Ricaurte celebra los 92 a\u00f1os de las Fiestas del Divino Eccehomo."},"content":{"rendered":"\n<p>Del 21 al 31 de agosto, Ricaurte, corregimiento de Bol\u00edvar (Valle del Cauca), vivir\u00e1 una nueva edici\u00f3n de las Fiestas del Divino Eccehomo, una tradici\u00f3n que se ha consolidado como una de las expresiones de fe m\u00e1s importantes de la regi\u00f3n.<\/p>\n\n\n\n<figure class=\"wp-block-embed is-type-video is-provider-youtube wp-block-embed-youtube wp-embed-aspect-16-9 wp-has-aspect-ratio\"><div class=\"wp-block-embed__wrapper\">\n<iframe loading=\"lazy\" title=\"\u2728 En Ricaurte, celebrar\u00e1n los 92 a\u00f1os de las Fiestas del Divino Eccehomo.\" width=\"640\" height=\"360\" src=\"https:\/\/www.youtube.com\/embed\/egVn41DxoYI?feature=oembed\" frameborder=\"0\" allow=\"accelerometer; autoplay; clipboard-write; encrypted-media; gyroscope; picture-in-picture; web-share\" referrerpolicy=\"strict-origin-when-cross-origin\" allowfullscreen><\/iframe>\n<\/div><\/figure>\n\n\n\n<p>Durante diez d\u00edas, la programaci\u00f3n contempla el rezo del rosario, viacrucis, confesiones, novenas y misas diarias, con la participaci\u00f3n de familias de diferentes municipios como Tulu\u00e1, Palmira, Cali, Roldanillo y Bol\u00edvar.<\/p>\n\n\n\n<p>El obispo de la di\u00f3cesis de Cartago, monse\u00f1or C\u00e9sar Alcides Balb\u00edn Tamayo, encabezar\u00e1 las principales celebraciones religiosas, acompa\u00f1ado por el rector del santuario, padre Fernando Arango Restrepo, y sacerdotes invitados.<\/p>\n\n\n\n<p>La jornada central ser\u00e1 el domingo 31 de agosto con una misa campal al mediod\u00eda y la tradicional procesi\u00f3n de la imagen del Divino Eccehomo. Este evento atrae cada a\u00f1o a devotos de todo el pa\u00eds y de varias naciones, consolid\u00e1ndose como el segundo destino tur\u00edstico religioso del Valle del Cauca, despu\u00e9s de Buga.<\/p>\n","protected":false},"excerpt":{"rendered":"<p>Del 21 al 31 de agosto, Ricaurte, corregimiento de Bol\u00edvar (Valle del Cauca), vivir\u00e1 una nueva edici\u00f3n de las Fiestas del Divino Eccehomo, una tradici\u00f3n que se ha consolidado como una de las expresiones de fe m\u00e1s importantes de la regi\u00f3n. Durante diez d\u00edas, la programaci\u00f3n contempla el rezo del rosario, viacrucis, confesiones, novenas y [&hellip;]<\/p>\n","protected":false},"author":3,"featured_media":36339,"comment_status":"open","ping_status":"open","sticky":false,"template":"","format":"video","meta":{"footnotes":""},"categories":[10,1515],"tags":[],"class_list":["post-36303","post","type-post","status-publish","format-video","has-post-thumbnail","hentry","category-cnc-noticias-tulua","category-cnc-tulua","post_format-post-format-video"],"_links":{"self":[{"href":"https:\/\/cnctulua.tv\/index.php?rest_route=\/wp\/v2\/posts\/36303","targetHints":{"allow":["GET"]}}],"collection":[{"href":"https:\/\/cnctulua.tv\/index.php?rest_route=\/wp\/v2\/posts"}],"about":[{"href":"https:\/\/cnctulua.tv\/index.php?rest_route=\/wp\/v2\/types\/post"}],"author":[{"embeddable":true,"href":"https:\/\/cnctulua.tv\/index.php?rest_route=\/wp\/v2\/users\/3"}],"replies":[{"embeddable":true,"href":"https:\/\/cnctulua.tv\/index.php?rest_route=%2Fwp%2Fv2%2Fcomments&post=36303"}],"version-history":[{"count":1,"href":"https:\/\/cnctulua.tv\/index.php?rest_route=\/wp\/v2\/posts\/36303\/revisions"}],"predecessor-version":[{"id":36340,"href":"https:\/\/cnctulua.tv\/index.php?rest_route=\/wp\/v2\/posts\/36303\/revisions\/36340"}],"wp:featuredmedia":[{"embeddable":true,"href":"https:\/\/cnctulua.tv\/index.php?rest_route=\/wp\/v2\/media\/36339"}],"wp:attachment":[{"href":"https:\/\/cnctulua.tv\/index.php?rest_route=%2Fwp%2Fv2%2Fmedia&parent=36303"}],"wp:term":[{"taxonomy":"category","embeddable":true,"href":"https:\/\/cnctulua.tv\/index.php?rest_route=%2Fwp%2Fv2%2Fcategories&post=36303"},{"taxonomy":"post_tag","embeddable":true,"href":"https:\/\/cnctulua.tv\/index.php?rest_route=%2Fwp%2Fv2%2Ftags&post=36303"}],"curies":[{"name":"wp","href":"https:\/\/api.w.org\/{rel}","templated":true}]}}