{"id":36305,"date":"2025-08-21T14:03:36","date_gmt":"2025-08-21T14:03:36","guid":{"rendered":"https:\/\/cnctulua.tv\/?p=36305"},"modified":"2025-08-21T14:03:36","modified_gmt":"2025-08-21T14:03:36","slug":"mas-de-600-jovenes-participaron-del-joven-fest-2025-en-tulua","status":"publish","type":"post","link":"https:\/\/cnctulua.tv\/?p=36305","title":{"rendered":"M\u00e1s de 600 j\u00f3venes participaron del Joven Fest 2025 en Tulu\u00e1."},"content":{"rendered":"\n<p>En el marco de la Semana de la Juventud, el Coliseo de Ferias Manuel Victoria Rojas recibi\u00f3 a m\u00e1s de 600 j\u00f3venes durante el Joven Fest 2025, un evento que reuni\u00f3 salud, deporte, cultura y emprendimiento.<\/p>\n\n\n\n<figure class=\"wp-block-embed is-type-video is-provider-youtube wp-block-embed-youtube wp-embed-aspect-16-9 wp-has-aspect-ratio\"><div class=\"wp-block-embed__wrapper\">\n<iframe loading=\"lazy\" title=\"\u00a1La juventud tulue\u00f1a se tom\u00f3 el Coliseo de Ferias en el Joven Fest 2025!\" width=\"640\" height=\"360\" src=\"https:\/\/www.youtube.com\/embed\/VXHHVevn9HA?feature=oembed\" frameborder=\"0\" allow=\"accelerometer; autoplay; clipboard-write; encrypted-media; gyroscope; picture-in-picture; web-share\" referrerpolicy=\"strict-origin-when-cross-origin\" allowfullscreen><\/iframe>\n<\/div><\/figure>\n\n\n\n<p>La feria cont\u00f3 con atenci\u00f3n integral en salud f\u00edsica y mental, liderada por la Secretar\u00eda de Salud y los hospitales Rub\u00e9n Cruz y Tom\u00e1s Uribe. Universidades, entes descentralizados y entidades aliadas como Profamilia tambi\u00e9n participaron con orientaci\u00f3n acad\u00e9mica y social.<\/p>\n\n\n\n<p>El festival se convirti\u00f3 en vitrina para los j\u00f3venes emprendedores y artistas locales, quienes tuvieron la oportunidad de mostrar su talento en escenarios como el show de stunt, la presentaci\u00f3n de cantantes y el concurso de graffiti.<\/p>\n\n\n\n<p>Con esta jornada, la Semana de la Juventud reafirma su prop\u00f3sito de brindar oportunidades de formaci\u00f3n y recreaci\u00f3n que fortalezcan la participaci\u00f3n de los j\u00f3venes en la vida comunitaria.<\/p>\n","protected":false},"excerpt":{"rendered":"<p>En el marco de la Semana de la Juventud, el Coliseo de Ferias Manuel Victoria Rojas recibi\u00f3 a m\u00e1s de 600 j\u00f3venes durante el Joven Fest 2025, un evento que reuni\u00f3 salud, deporte, cultura y emprendimiento. La feria cont\u00f3 con atenci\u00f3n integral en salud f\u00edsica y mental, liderada por la Secretar\u00eda de Salud y los [&hellip;]<\/p>\n","protected":false},"author":3,"featured_media":36343,"comment_status":"open","ping_status":"open","sticky":false,"template":"","format":"video","meta":{"footnotes":""},"categories":[10,1515],"tags":[],"class_list":["post-36305","post","type-post","status-publish","format-video","has-post-thumbnail","hentry","category-cnc-noticias-tulua","category-cnc-tulua","post_format-post-format-video"],"_links":{"self":[{"href":"https:\/\/cnctulua.tv\/index.php?rest_route=\/wp\/v2\/posts\/36305","targetHints":{"allow":["GET"]}}],"collection":[{"href":"https:\/\/cnctulua.tv\/index.php?rest_route=\/wp\/v2\/posts"}],"about":[{"href":"https:\/\/cnctulua.tv\/index.php?rest_route=\/wp\/v2\/types\/post"}],"author":[{"embeddable":true,"href":"https:\/\/cnctulua.tv\/index.php?rest_route=\/wp\/v2\/users\/3"}],"replies":[{"embeddable":true,"href":"https:\/\/cnctulua.tv\/index.php?rest_route=%2Fwp%2Fv2%2Fcomments&post=36305"}],"version-history":[{"count":1,"href":"https:\/\/cnctulua.tv\/index.php?rest_route=\/wp\/v2\/posts\/36305\/revisions"}],"predecessor-version":[{"id":36344,"href":"https:\/\/cnctulua.tv\/index.php?rest_route=\/wp\/v2\/posts\/36305\/revisions\/36344"}],"wp:featuredmedia":[{"embeddable":true,"href":"https:\/\/cnctulua.tv\/index.php?rest_route=\/wp\/v2\/media\/36343"}],"wp:attachment":[{"href":"https:\/\/cnctulua.tv\/index.php?rest_route=%2Fwp%2Fv2%2Fmedia&parent=36305"}],"wp:term":[{"taxonomy":"category","embeddable":true,"href":"https:\/\/cnctulua.tv\/index.php?rest_route=%2Fwp%2Fv2%2Fcategories&post=36305"},{"taxonomy":"post_tag","embeddable":true,"href":"https:\/\/cnctulua.tv\/index.php?rest_route=%2Fwp%2Fv2%2Ftags&post=36305"}],"curies":[{"name":"wp","href":"https:\/\/api.w.org\/{rel}","templated":true}]}}