{"id":36306,"date":"2025-08-21T14:02:23","date_gmt":"2025-08-21T14:02:23","guid":{"rendered":"https:\/\/cnctulua.tv\/?p=36306"},"modified":"2025-08-21T14:02:23","modified_gmt":"2025-08-21T14:02:23","slug":"cali-y-el-valle-se-preparan-para-la-feria-internacional-del-libro-academico-fila-25","status":"publish","type":"post","link":"https:\/\/cnctulua.tv\/?p=36306","title":{"rendered":"Cali y el Valle se preparan para la Feria Internacional del Libro Acad\u00e9mico \u2013 FILA 25."},"content":{"rendered":"\n<p>Del 19 al 23 de agosto, Cali ser\u00e1 sede de la Feria Internacional del Libro Acad\u00e9mico \u2013 FILA 25, un evento que busca consolidar a la regi\u00f3n como un referente en investigaci\u00f3n y divulgaci\u00f3n cient\u00edfica.<\/p>\n\n\n\n<figure class=\"wp-block-embed is-type-video is-provider-youtube wp-block-embed-youtube wp-embed-aspect-16-9 wp-has-aspect-ratio\"><div class=\"wp-block-embed__wrapper\">\n<iframe loading=\"lazy\" title=\"Del 19 al 23 de agosto disfruta de la Feria Internacional del Libro Acad\u00e9mico en Cali\" width=\"640\" height=\"360\" src=\"https:\/\/www.youtube.com\/embed\/UDM9_SGMMQc?feature=oembed\" frameborder=\"0\" allow=\"accelerometer; autoplay; clipboard-write; encrypted-media; gyroscope; picture-in-picture; web-share\" referrerpolicy=\"strict-origin-when-cross-origin\" allowfullscreen><\/iframe>\n<\/div><\/figure>\n\n\n\n<p>La Biblioteca Departamental \u2018Jorge Garc\u00e9s Borrero\u2019 ser\u00e1 el punto de encuentro de investigadores, estudiantes, universidades y ciudadan\u00eda en general, quienes podr\u00e1n acceder a una variada oferta acad\u00e9mica y cultural.<\/p>\n\n\n\n<p>Fernando Tamayo, director de la Biblioteca Departamental, asegur\u00f3 que la feria generar\u00e1 \u201cafluencia de gente, ideas y propuestas que dinamizan la funci\u00f3n de la biblioteca y de la Gobernaci\u00f3n del Valle. Tenemos una oferta que incluye cursos de inteligencia artificial y todo esto con entrada libre\u201d.<\/p>\n\n\n\n<p>Adem\u00e1s de las actividades acad\u00e9micas, el evento incluye el XXIV Encuentro de Bibliotecas P\u00fablicas del Valle y la premiaci\u00f3n de la red Xpoilers, espacios que buscan fortalecer la investigaci\u00f3n, la innovaci\u00f3n y la construcci\u00f3n de comunidad acad\u00e9mica.<\/p>\n","protected":false},"excerpt":{"rendered":"<p>Del 19 al 23 de agosto, Cali ser\u00e1 sede de la Feria Internacional del Libro Acad\u00e9mico \u2013 FILA 25, un evento que busca consolidar a la regi\u00f3n como un referente en investigaci\u00f3n y divulgaci\u00f3n cient\u00edfica. La Biblioteca Departamental \u2018Jorge Garc\u00e9s Borrero\u2019 ser\u00e1 el punto de encuentro de investigadores, estudiantes, universidades y ciudadan\u00eda en general, quienes [&hellip;]<\/p>\n","protected":false},"author":3,"featured_media":36341,"comment_status":"open","ping_status":"open","sticky":false,"template":"","format":"video","meta":{"footnotes":""},"categories":[10,1515],"tags":[],"class_list":["post-36306","post","type-post","status-publish","format-video","has-post-thumbnail","hentry","category-cnc-noticias-tulua","category-cnc-tulua","post_format-post-format-video"],"_links":{"self":[{"href":"https:\/\/cnctulua.tv\/index.php?rest_route=\/wp\/v2\/posts\/36306","targetHints":{"allow":["GET"]}}],"collection":[{"href":"https:\/\/cnctulua.tv\/index.php?rest_route=\/wp\/v2\/posts"}],"about":[{"href":"https:\/\/cnctulua.tv\/index.php?rest_route=\/wp\/v2\/types\/post"}],"author":[{"embeddable":true,"href":"https:\/\/cnctulua.tv\/index.php?rest_route=\/wp\/v2\/users\/3"}],"replies":[{"embeddable":true,"href":"https:\/\/cnctulua.tv\/index.php?rest_route=%2Fwp%2Fv2%2Fcomments&post=36306"}],"version-history":[{"count":1,"href":"https:\/\/cnctulua.tv\/index.php?rest_route=\/wp\/v2\/posts\/36306\/revisions"}],"predecessor-version":[{"id":36342,"href":"https:\/\/cnctulua.tv\/index.php?rest_route=\/wp\/v2\/posts\/36306\/revisions\/36342"}],"wp:featuredmedia":[{"embeddable":true,"href":"https:\/\/cnctulua.tv\/index.php?rest_route=\/wp\/v2\/media\/36341"}],"wp:attachment":[{"href":"https:\/\/cnctulua.tv\/index.php?rest_route=%2Fwp%2Fv2%2Fmedia&parent=36306"}],"wp:term":[{"taxonomy":"category","embeddable":true,"href":"https:\/\/cnctulua.tv\/index.php?rest_route=%2Fwp%2Fv2%2Fcategories&post=36306"},{"taxonomy":"post_tag","embeddable":true,"href":"https:\/\/cnctulua.tv\/index.php?rest_route=%2Fwp%2Fv2%2Ftags&post=36306"}],"curies":[{"name":"wp","href":"https:\/\/api.w.org\/{rel}","templated":true}]}}