{"id":36312,"date":"2025-08-21T15:15:07","date_gmt":"2025-08-21T15:15:07","guid":{"rendered":"https:\/\/cnctulua.tv\/?p=36312"},"modified":"2025-08-21T15:15:07","modified_gmt":"2025-08-21T15:15:07","slug":"ataque-en-polideportivo-de-la-union-dejo-un-adolescente-muerto-y-una-mujer-herida","status":"publish","type":"post","link":"https:\/\/cnctulua.tv\/?p=36312","title":{"rendered":"Ataque en polideportivo de La Uni\u00f3n dej\u00f3 un adolescente muerto y una mujer herida."},"content":{"rendered":"\n<p>Un ataque armado en el polideportivo El Jard\u00edn, en el municipio de La Uni\u00f3n, Valle del Cauca, dej\u00f3 como saldo la muerte de un menor de 16 a\u00f1os y una mujer herida.<\/p>\n\n\n\n<figure class=\"wp-block-embed is-type-video is-provider-youtube wp-block-embed-youtube wp-embed-aspect-16-9 wp-has-aspect-ratio\"><div class=\"wp-block-embed__wrapper\">\n<iframe loading=\"lazy\" title=\"\ud83d\udea8 Ataque armado en La Uni\u00f3n, Valle del Cauca.\" width=\"640\" height=\"360\" src=\"https:\/\/www.youtube.com\/embed\/qzAfVilu33M?feature=oembed\" frameborder=\"0\" allow=\"accelerometer; autoplay; clipboard-write; encrypted-media; gyroscope; picture-in-picture; web-share\" referrerpolicy=\"strict-origin-when-cross-origin\" allowfullscreen><\/iframe>\n<\/div><\/figure>\n\n\n\n<p>Seg\u00fan la Polic\u00eda, la v\u00edctima fatal ten\u00eda antecedentes en el Sistema de Responsabilidad Penal para Adolescentes por los delitos de tr\u00e1fico de estupefacientes y violencia intrafamiliar.<\/p>\n\n\n\n<p>La Brigadier General Sandra Liliana Rodr\u00edguez, comandante del Departamento de Polic\u00eda Valle, se\u00f1al\u00f3 que la r\u00e1pida reacci\u00f3n de las patrullas permiti\u00f3 asistir a la mujer herida, quien fue trasladada a un hospital y se encuentra fuera de peligro.<\/p>\n\n\n\n<p>Adem\u00e1s, un perro que se encontraba en el lugar muri\u00f3 a causa de los disparos. Las autoridades adelantan labores de investigaci\u00f3n para ubicar a los responsables e invitan a la ciudadan\u00eda a suministrar informaci\u00f3n que contribuya al esclarecimiento del caso.<\/p>\n","protected":false},"excerpt":{"rendered":"<p>Un ataque armado en el polideportivo El Jard\u00edn, en el municipio de La Uni\u00f3n, Valle del Cauca, dej\u00f3 como saldo la muerte de un menor de 16 a\u00f1os y una mujer herida. Seg\u00fan la Polic\u00eda, la v\u00edctima fatal ten\u00eda antecedentes en el Sistema de Responsabilidad Penal para Adolescentes por los delitos de tr\u00e1fico de estupefacientes [&hellip;]<\/p>\n","protected":false},"author":3,"featured_media":36354,"comment_status":"open","ping_status":"open","sticky":false,"template":"","format":"video","meta":{"footnotes":""},"categories":[10,1515],"tags":[],"class_list":["post-36312","post","type-post","status-publish","format-video","has-post-thumbnail","hentry","category-cnc-noticias-tulua","category-cnc-tulua","post_format-post-format-video"],"_links":{"self":[{"href":"https:\/\/cnctulua.tv\/index.php?rest_route=\/wp\/v2\/posts\/36312","targetHints":{"allow":["GET"]}}],"collection":[{"href":"https:\/\/cnctulua.tv\/index.php?rest_route=\/wp\/v2\/posts"}],"about":[{"href":"https:\/\/cnctulua.tv\/index.php?rest_route=\/wp\/v2\/types\/post"}],"author":[{"embeddable":true,"href":"https:\/\/cnctulua.tv\/index.php?rest_route=\/wp\/v2\/users\/3"}],"replies":[{"embeddable":true,"href":"https:\/\/cnctulua.tv\/index.php?rest_route=%2Fwp%2Fv2%2Fcomments&post=36312"}],"version-history":[{"count":1,"href":"https:\/\/cnctulua.tv\/index.php?rest_route=\/wp\/v2\/posts\/36312\/revisions"}],"predecessor-version":[{"id":36355,"href":"https:\/\/cnctulua.tv\/index.php?rest_route=\/wp\/v2\/posts\/36312\/revisions\/36355"}],"wp:featuredmedia":[{"embeddable":true,"href":"https:\/\/cnctulua.tv\/index.php?rest_route=\/wp\/v2\/media\/36354"}],"wp:attachment":[{"href":"https:\/\/cnctulua.tv\/index.php?rest_route=%2Fwp%2Fv2%2Fmedia&parent=36312"}],"wp:term":[{"taxonomy":"category","embeddable":true,"href":"https:\/\/cnctulua.tv\/index.php?rest_route=%2Fwp%2Fv2%2Fcategories&post=36312"},{"taxonomy":"post_tag","embeddable":true,"href":"https:\/\/cnctulua.tv\/index.php?rest_route=%2Fwp%2Fv2%2Ftags&post=36312"}],"curies":[{"name":"wp","href":"https:\/\/api.w.org\/{rel}","templated":true}]}}