{"id":36315,"date":"2025-08-21T18:45:27","date_gmt":"2025-08-21T18:45:27","guid":{"rendered":"https:\/\/cnctulua.tv\/?p=36315"},"modified":"2025-08-21T18:45:27","modified_gmt":"2025-08-21T18:45:27","slug":"valle-al-cine-llega-a-guacari-con-funcion-gratuita-para-toda-la-familia","status":"publish","type":"post","link":"https:\/\/cnctulua.tv\/?p=36315","title":{"rendered":"Valle al Cine llega a Guacar\u00ed con funci\u00f3n gratuita para toda la familia."},"content":{"rendered":"\n<p>Este viernes, Guacar\u00ed ser\u00e1 sede de Valle al Cine, programa de la Gobernaci\u00f3n del Valle del Cauca que busca acercar el cine a las comunidades del departamento. La cita ser\u00e1 en el parque principal a las 6:30 p.m., con la proyecci\u00f3n de Una Cig\u00fce\u00f1a en Apuros.<\/p>\n\n\n\n<figure class=\"wp-block-embed is-type-video is-provider-youtube wp-block-embed-youtube wp-embed-aspect-16-9 wp-has-aspect-ratio\"><div class=\"wp-block-embed__wrapper\">\n<iframe loading=\"lazy\" title=\"\ud83c\udfac \u00a1El cine llega a Guacar\u00ed! Este viernes disfruta con tu familia de Valle al Cine.\" width=\"640\" height=\"360\" src=\"https:\/\/www.youtube.com\/embed\/irZUlPPBGLU?feature=oembed\" frameborder=\"0\" allow=\"accelerometer; autoplay; clipboard-write; encrypted-media; gyroscope; picture-in-picture; web-share\" referrerpolicy=\"strict-origin-when-cross-origin\" allowfullscreen><\/iframe>\n<\/div><\/figure>\n\n\n\n<p>La iniciativa no solo busca entretenimiento, sino tambi\u00e9n fortalecer la circulaci\u00f3n de producciones audiovisuales locales y garantizar el acceso a espacios culturales de calidad. Seg\u00fan Beatriz Escobar, secretaria encargada de Cultura del Valle, el programa promueve la integraci\u00f3n familiar y comunitaria y contribuye al ejercicio de los derechos culturales.<\/p>\n\n\n\n<p>Valle al Cine recorre los municipios del departamento llevando cine, arte y cultura, impulsando al mismo tiempo la visibilidad de creadores y cineastas locales.<\/p>\n","protected":false},"excerpt":{"rendered":"<p>Este viernes, Guacar\u00ed ser\u00e1 sede de Valle al Cine, programa de la Gobernaci\u00f3n del Valle del Cauca que busca acercar el cine a las comunidades del departamento. La cita ser\u00e1 en el parque principal a las 6:30 p.m., con la proyecci\u00f3n de Una Cig\u00fce\u00f1a en Apuros. La iniciativa no solo busca entretenimiento, sino tambi\u00e9n fortalecer [&hellip;]<\/p>\n","protected":false},"author":3,"featured_media":36384,"comment_status":"open","ping_status":"open","sticky":false,"template":"","format":"video","meta":{"footnotes":""},"categories":[10,1515],"tags":[],"class_list":["post-36315","post","type-post","status-publish","format-video","has-post-thumbnail","hentry","category-cnc-noticias-tulua","category-cnc-tulua","post_format-post-format-video"],"_links":{"self":[{"href":"https:\/\/cnctulua.tv\/index.php?rest_route=\/wp\/v2\/posts\/36315","targetHints":{"allow":["GET"]}}],"collection":[{"href":"https:\/\/cnctulua.tv\/index.php?rest_route=\/wp\/v2\/posts"}],"about":[{"href":"https:\/\/cnctulua.tv\/index.php?rest_route=\/wp\/v2\/types\/post"}],"author":[{"embeddable":true,"href":"https:\/\/cnctulua.tv\/index.php?rest_route=\/wp\/v2\/users\/3"}],"replies":[{"embeddable":true,"href":"https:\/\/cnctulua.tv\/index.php?rest_route=%2Fwp%2Fv2%2Fcomments&post=36315"}],"version-history":[{"count":1,"href":"https:\/\/cnctulua.tv\/index.php?rest_route=\/wp\/v2\/posts\/36315\/revisions"}],"predecessor-version":[{"id":36386,"href":"https:\/\/cnctulua.tv\/index.php?rest_route=\/wp\/v2\/posts\/36315\/revisions\/36386"}],"wp:featuredmedia":[{"embeddable":true,"href":"https:\/\/cnctulua.tv\/index.php?rest_route=\/wp\/v2\/media\/36384"}],"wp:attachment":[{"href":"https:\/\/cnctulua.tv\/index.php?rest_route=%2Fwp%2Fv2%2Fmedia&parent=36315"}],"wp:term":[{"taxonomy":"category","embeddable":true,"href":"https:\/\/cnctulua.tv\/index.php?rest_route=%2Fwp%2Fv2%2Fcategories&post=36315"},{"taxonomy":"post_tag","embeddable":true,"href":"https:\/\/cnctulua.tv\/index.php?rest_route=%2Fwp%2Fv2%2Ftags&post=36315"}],"curies":[{"name":"wp","href":"https:\/\/api.w.org\/{rel}","templated":true}]}}