{"id":36393,"date":"2025-08-22T17:46:17","date_gmt":"2025-08-22T17:46:17","guid":{"rendered":"https:\/\/cnctulua.tv\/?p=36393"},"modified":"2025-08-22T17:46:17","modified_gmt":"2025-08-22T17:46:17","slug":"el-gobierno-nacional-confirmo-su-disposicion-para-cofinanciar-el-tren-de-cercanias-del-valle-del-cauca","status":"publish","type":"post","link":"https:\/\/cnctulua.tv\/?p=36393","title":{"rendered":"El Gobierno Nacional confirm\u00f3 su disposici\u00f3n para cofinanciar el Tren de Cercan\u00edas del Valle del Cauca."},"content":{"rendered":"\n<p>Un proyecto estrat\u00e9gico que busca transformar la movilidad, generar empleo y aportar al desarrollo econ\u00f3mico de la regi\u00f3n.<\/p>\n\n\n\n<figure class=\"wp-block-embed is-type-video is-provider-youtube wp-block-embed-youtube wp-embed-aspect-16-9 wp-has-aspect-ratio\"><div class=\"wp-block-embed__wrapper\">\n<iframe loading=\"lazy\" title=\"\ud83d\ude86 Gobierno Nacional confirma cofinanciaci\u00f3n del Tren de Cercan\u00edas del Valle.\" width=\"640\" height=\"360\" src=\"https:\/\/www.youtube.com\/embed\/u-XlwWPpVLE?feature=oembed\" frameborder=\"0\" allow=\"accelerometer; autoplay; clipboard-write; encrypted-media; gyroscope; picture-in-picture; web-share\" referrerpolicy=\"strict-origin-when-cross-origin\" allowfullscreen><\/iframe>\n<\/div><\/figure>\n\n\n\n<p>La gobernadora Dilian Francisca Toro celebr\u00f3 el compromiso de la Naci\u00f3n, que financiar\u00e1 el 70 % de la obra, mientras que la Gobernaci\u00f3n y las alcald\u00edas asumir\u00e1n el 30 % restante. \u201cLos vallecaucanos esperamos la formalizaci\u00f3n de esta noticia con optimismo y compromiso\u201d, se\u00f1al\u00f3 la mandataria.<\/p>\n\n\n\n<p>El convenio debe quedar firmado antes del 8 de noviembre para evitar que se vea afectado por la Ley de Garant\u00edas electoral. El proyecto ya super\u00f3 revisiones en el Ministerio de Hacienda, Planeaci\u00f3n Nacional, la Gobernaci\u00f3n y los municipios involucrados.<\/p>\n\n\n\n<p>El primer tramo priorizado ser\u00e1 el de Cali\u2013Jamund\u00ed, con 23 kil\u00f3metros de recorrido y 21 estaciones que facilitar\u00e1n el cargue y descargue de pasajeros, reduciendo tiempos de viaje en un sistema sostenible y amigable con el ambiente.<\/p>\n","protected":false},"excerpt":{"rendered":"<p>Un proyecto estrat\u00e9gico que busca transformar la movilidad, generar empleo y aportar al desarrollo econ\u00f3mico de la regi\u00f3n. La gobernadora Dilian Francisca Toro celebr\u00f3 el compromiso de la Naci\u00f3n, que financiar\u00e1 el 70 % de la obra, mientras que la Gobernaci\u00f3n y las alcald\u00edas asumir\u00e1n el 30 % restante. \u201cLos vallecaucanos esperamos la formalizaci\u00f3n de [&hellip;]<\/p>\n","protected":false},"author":3,"featured_media":36420,"comment_status":"open","ping_status":"open","sticky":false,"template":"","format":"video","meta":{"footnotes":""},"categories":[10,1515],"tags":[],"class_list":["post-36393","post","type-post","status-publish","format-video","has-post-thumbnail","hentry","category-cnc-noticias-tulua","category-cnc-tulua","post_format-post-format-video"],"_links":{"self":[{"href":"https:\/\/cnctulua.tv\/index.php?rest_route=\/wp\/v2\/posts\/36393","targetHints":{"allow":["GET"]}}],"collection":[{"href":"https:\/\/cnctulua.tv\/index.php?rest_route=\/wp\/v2\/posts"}],"about":[{"href":"https:\/\/cnctulua.tv\/index.php?rest_route=\/wp\/v2\/types\/post"}],"author":[{"embeddable":true,"href":"https:\/\/cnctulua.tv\/index.php?rest_route=\/wp\/v2\/users\/3"}],"replies":[{"embeddable":true,"href":"https:\/\/cnctulua.tv\/index.php?rest_route=%2Fwp%2Fv2%2Fcomments&post=36393"}],"version-history":[{"count":1,"href":"https:\/\/cnctulua.tv\/index.php?rest_route=\/wp\/v2\/posts\/36393\/revisions"}],"predecessor-version":[{"id":36422,"href":"https:\/\/cnctulua.tv\/index.php?rest_route=\/wp\/v2\/posts\/36393\/revisions\/36422"}],"wp:featuredmedia":[{"embeddable":true,"href":"https:\/\/cnctulua.tv\/index.php?rest_route=\/wp\/v2\/media\/36420"}],"wp:attachment":[{"href":"https:\/\/cnctulua.tv\/index.php?rest_route=%2Fwp%2Fv2%2Fmedia&parent=36393"}],"wp:term":[{"taxonomy":"category","embeddable":true,"href":"https:\/\/cnctulua.tv\/index.php?rest_route=%2Fwp%2Fv2%2Fcategories&post=36393"},{"taxonomy":"post_tag","embeddable":true,"href":"https:\/\/cnctulua.tv\/index.php?rest_route=%2Fwp%2Fv2%2Ftags&post=36393"}],"curies":[{"name":"wp","href":"https:\/\/api.w.org\/{rel}","templated":true}]}}