{"id":36398,"date":"2025-08-22T19:00:39","date_gmt":"2025-08-22T19:00:39","guid":{"rendered":"https:\/\/cnctulua.tv\/?p=36398"},"modified":"2025-08-22T19:00:39","modified_gmt":"2025-08-22T19:00:39","slug":"deportivo-cali-se-prepara-para-enfrentar-a-boyaca-chico-en-la-fecha-8-de-la-liga","status":"publish","type":"post","link":"https:\/\/cnctulua.tv\/?p=36398","title":{"rendered":"Deportivo Cali se prepara para enfrentar a Boyac\u00e1 Chic\u00f3 en la fecha 8 de la Liga."},"content":{"rendered":"\n<p>El Deportivo Cali se prepara para enfrentar a Boyac\u00e1 Chic\u00f3 en la fecha 8 de la Liga, en un partido crucial para acercarse al grupo de los ocho mejores del campeonato.<\/p>\n\n\n\n<figure class=\"wp-block-embed is-type-video is-provider-youtube wp-block-embed-youtube wp-embed-aspect-16-9 wp-has-aspect-ratio\"><div class=\"wp-block-embed__wrapper\">\nhttps:\/\/youtu.be\/WCwbS4dKHNg\n<\/div><\/figure>\n\n\n\n<p>El equipo trabaj\u00f3 durante la semana en aspectos t\u00e1cticos y estrat\u00e9gicos, reforzando la solidez defensiva y la efectividad ofensiva. Juli\u00e1n Qui\u00f1ones asegur\u00f3 que se busca equilibrar la propuesta ofensiva con la defensa, mientras que Joaqu\u00edn Varela destac\u00f3 la importancia de los entrenamientos para mejorar la salida del bal\u00f3n y la coordinaci\u00f3n en la zona defensiva.<\/p>\n\n\n\n<p>Ambos jugadores reconocen la relevancia del encuentro y la necesidad de sumar puntos consecutivos. Adem\u00e1s, resaltaron el acompa\u00f1amiento de la hinchada y el compromiso de devolver ese respaldo mediante un rendimiento s\u00f3lido en el campo.<\/p>\n","protected":false},"excerpt":{"rendered":"<p>El Deportivo Cali se prepara para enfrentar a Boyac\u00e1 Chic\u00f3 en la fecha 8 de la Liga, en un partido crucial para acercarse al grupo de los ocho mejores del campeonato. El equipo trabaj\u00f3 durante la semana en aspectos t\u00e1cticos y estrat\u00e9gicos, reforzando la solidez defensiva y la efectividad ofensiva. Juli\u00e1n Qui\u00f1ones asegur\u00f3 que se [&hellip;]<\/p>\n","protected":false},"author":3,"featured_media":36432,"comment_status":"open","ping_status":"open","sticky":false,"template":"","format":"video","meta":{"footnotes":""},"categories":[10,1515],"tags":[],"class_list":["post-36398","post","type-post","status-publish","format-video","has-post-thumbnail","hentry","category-cnc-noticias-tulua","category-cnc-tulua","post_format-post-format-video"],"_links":{"self":[{"href":"https:\/\/cnctulua.tv\/index.php?rest_route=\/wp\/v2\/posts\/36398","targetHints":{"allow":["GET"]}}],"collection":[{"href":"https:\/\/cnctulua.tv\/index.php?rest_route=\/wp\/v2\/posts"}],"about":[{"href":"https:\/\/cnctulua.tv\/index.php?rest_route=\/wp\/v2\/types\/post"}],"author":[{"embeddable":true,"href":"https:\/\/cnctulua.tv\/index.php?rest_route=\/wp\/v2\/users\/3"}],"replies":[{"embeddable":true,"href":"https:\/\/cnctulua.tv\/index.php?rest_route=%2Fwp%2Fv2%2Fcomments&post=36398"}],"version-history":[{"count":1,"href":"https:\/\/cnctulua.tv\/index.php?rest_route=\/wp\/v2\/posts\/36398\/revisions"}],"predecessor-version":[{"id":36434,"href":"https:\/\/cnctulua.tv\/index.php?rest_route=\/wp\/v2\/posts\/36398\/revisions\/36434"}],"wp:featuredmedia":[{"embeddable":true,"href":"https:\/\/cnctulua.tv\/index.php?rest_route=\/wp\/v2\/media\/36432"}],"wp:attachment":[{"href":"https:\/\/cnctulua.tv\/index.php?rest_route=%2Fwp%2Fv2%2Fmedia&parent=36398"}],"wp:term":[{"taxonomy":"category","embeddable":true,"href":"https:\/\/cnctulua.tv\/index.php?rest_route=%2Fwp%2Fv2%2Fcategories&post=36398"},{"taxonomy":"post_tag","embeddable":true,"href":"https:\/\/cnctulua.tv\/index.php?rest_route=%2Fwp%2Fv2%2Ftags&post=36398"}],"curies":[{"name":"wp","href":"https:\/\/api.w.org\/{rel}","templated":true}]}}