{"id":36444,"date":"2025-08-26T14:31:16","date_gmt":"2025-08-26T14:31:16","guid":{"rendered":"https:\/\/cnctulua.tv\/?p=36444"},"modified":"2025-08-26T14:31:16","modified_gmt":"2025-08-26T14:31:16","slug":"victor-manuel-salcedo-y-norma-hurtado-destacan-retos-de-tulua-en-seguridad-educacion-e-inversion-social","status":"publish","type":"post","link":"https:\/\/cnctulua.tv\/?p=36444","title":{"rendered":"V\u00edctor Manuel Salcedo y Norma Hurtado destacan retos de Tulu\u00e1 en seguridad, educaci\u00f3n e inversi\u00f3n social."},"content":{"rendered":"\n<p>En un recorrido por Tulu\u00e1, el representante a la C\u00e1mara V\u00edctor Manuel Salcedo Guerrero resalt\u00f3 la importancia de trabajar de manera conjunta por la seguridad, la educaci\u00f3n y el desarrollo social en este municipio del centro del Valle del Cauca. Acompa\u00f1ado de la senadora Norma Hurtado y dirigentes locales, el congresista hizo un llamado al Gobierno Nacional para cumplir los compromisos adquiridos con la regi\u00f3n.<\/p>\n\n\n\n<figure class=\"wp-block-embed is-type-video is-provider-youtube wp-block-embed-youtube wp-embed-aspect-16-9 wp-has-aspect-ratio\"><div class=\"wp-block-embed__wrapper\">\n<iframe loading=\"lazy\" title=\"V\u00edctor Manuel Salcedo destacan seguridad, educaci\u00f3n e infraestructura como prioridades en Tulu\u00e1\" width=\"640\" height=\"360\" src=\"https:\/\/www.youtube.com\/embed\/GArBTt5LtgU?feature=oembed\" frameborder=\"0\" allow=\"accelerometer; autoplay; clipboard-write; encrypted-media; gyroscope; picture-in-picture; web-share\" referrerpolicy=\"strict-origin-when-cross-origin\" allowfullscreen><\/iframe>\n<\/div><\/figure>\n\n\n\n<p>Durante la visita, Salcedo insisti\u00f3 en que Tulu\u00e1 necesita resultados concretos, especialmente en materia de educaci\u00f3n superior. Se\u00f1al\u00f3 que, a pesar de los anuncios sobre la construcci\u00f3n de la sede de la Universidad del Valle, las obras a\u00fan no inician tras m\u00e1s de diez meses de espera. El congresista asegur\u00f3 que continuar\u00e1 ejerciendo control pol\u00edtico para que el proyecto avance y se convierta en una oportunidad real para los j\u00f3venes tulue\u00f1os.<\/p>\n\n\n\n<p>El representante tambi\u00e9n se refiri\u00f3 a las dificultades de seguridad que enfrenta la ciudad, recordando que en el inicio de la actual campa\u00f1a pol\u00edtica ya se han registrado hechos violentos que ponen en riesgo la labor de los dirigentes y la tranquilidad de la comunidad. \u201cHay zonas rurales vedadas para la actividad pol\u00edtica y encuentros que, por seguridad, deben realizarse en espacios cerrados, cuando deber\u00edan hacerse en los barrios y corregimientos\u201d, afirm\u00f3.<\/p>\n\n\n\n<p>En materia legislativa, Salcedo destac\u00f3 iniciativas como la ley que reconoce a los entrenadores emp\u00edricos en el pa\u00eds, la regulaci\u00f3n de vapeadores, la lucha contra el uso de biopol\u00edmeros y el c\u00f3digo deontol\u00f3gico en el \u00e1mbito deportivo. Seg\u00fan indic\u00f3, estas normas buscan responder a problem\u00e1ticas sociales y aportar al bienestar de los ciudadanos.<\/p>\n\n\n\n<p>El congresista estuvo acompa\u00f1ado de la senadora Norma Hurtado, quien tambi\u00e9n se ha pronunciado sobre la urgencia de fortalecer la seguridad en Tulu\u00e1 y de garantizar inversi\u00f3n en infraestructura y programas sociales. Ambos coincidieron en que la \u201cVilla de C\u00e9spedes\u201d debe convertirse en una prioridad para el Gobierno Nacional.<\/p>\n\n\n\n<p>Los dirigentes aseguraron que su trabajo continuar\u00e1 enfocado en escuchar a las comunidades del centro del Valle del Cauca, con el prop\u00f3sito de impulsar soluciones a las problem\u00e1ticas de seguridad, educaci\u00f3n y desarrollo que hoy reclaman los habitantes de Tulu\u00e1.<\/p>\n","protected":false},"excerpt":{"rendered":"<p>En un recorrido por Tulu\u00e1, el representante a la C\u00e1mara V\u00edctor Manuel Salcedo Guerrero resalt\u00f3 la importancia de trabajar de manera conjunta por la seguridad, la educaci\u00f3n y el desarrollo social en este municipio del centro del Valle del Cauca. Acompa\u00f1ado de la senadora Norma Hurtado y dirigentes locales, el congresista hizo un llamado al [&hellip;]<\/p>\n","protected":false},"author":3,"featured_media":36491,"comment_status":"open","ping_status":"open","sticky":false,"template":"","format":"video","meta":{"footnotes":""},"categories":[10,1515],"tags":[],"class_list":["post-36444","post","type-post","status-publish","format-video","has-post-thumbnail","hentry","category-cnc-noticias-tulua","category-cnc-tulua","post_format-post-format-video"],"_links":{"self":[{"href":"https:\/\/cnctulua.tv\/index.php?rest_route=\/wp\/v2\/posts\/36444","targetHints":{"allow":["GET"]}}],"collection":[{"href":"https:\/\/cnctulua.tv\/index.php?rest_route=\/wp\/v2\/posts"}],"about":[{"href":"https:\/\/cnctulua.tv\/index.php?rest_route=\/wp\/v2\/types\/post"}],"author":[{"embeddable":true,"href":"https:\/\/cnctulua.tv\/index.php?rest_route=\/wp\/v2\/users\/3"}],"replies":[{"embeddable":true,"href":"https:\/\/cnctulua.tv\/index.php?rest_route=%2Fwp%2Fv2%2Fcomments&post=36444"}],"version-history":[{"count":1,"href":"https:\/\/cnctulua.tv\/index.php?rest_route=\/wp\/v2\/posts\/36444\/revisions"}],"predecessor-version":[{"id":36492,"href":"https:\/\/cnctulua.tv\/index.php?rest_route=\/wp\/v2\/posts\/36444\/revisions\/36492"}],"wp:featuredmedia":[{"embeddable":true,"href":"https:\/\/cnctulua.tv\/index.php?rest_route=\/wp\/v2\/media\/36491"}],"wp:attachment":[{"href":"https:\/\/cnctulua.tv\/index.php?rest_route=%2Fwp%2Fv2%2Fmedia&parent=36444"}],"wp:term":[{"taxonomy":"category","embeddable":true,"href":"https:\/\/cnctulua.tv\/index.php?rest_route=%2Fwp%2Fv2%2Fcategories&post=36444"},{"taxonomy":"post_tag","embeddable":true,"href":"https:\/\/cnctulua.tv\/index.php?rest_route=%2Fwp%2Fv2%2Ftags&post=36444"}],"curies":[{"name":"wp","href":"https:\/\/api.w.org\/{rel}","templated":true}]}}