{"id":36445,"date":"2025-08-26T14:10:15","date_gmt":"2025-08-26T14:10:15","guid":{"rendered":"https:\/\/cnctulua.tv\/?p=36445"},"modified":"2025-08-26T14:10:15","modified_gmt":"2025-08-26T14:10:15","slug":"capturado-en-flagrancia-con-arma-de-fuego-en-buenaventura","status":"publish","type":"post","link":"https:\/\/cnctulua.tv\/?p=36445","title":{"rendered":"Capturado en flagrancia con arma de fuego en Buenaventura."},"content":{"rendered":"\n<p>En el barrio Antonio Nari\u00f1o de Buenaventura, unidades de la Polic\u00eda Nacional lograron la captura en flagrancia de un hombre que portaba un arma de fuego. El procedimiento se realiz\u00f3 en el marco de la estrategia Todos contra el homicidio.<\/p>\n\n\n\n<figure class=\"wp-block-embed is-type-video is-provider-youtube wp-block-embed-youtube wp-embed-aspect-16-9 wp-has-aspect-ratio\"><div class=\"wp-block-embed__wrapper\">\n<iframe loading=\"lazy\" title=\"\ud83d\udea8 Capturado en flagrancia en Buenaventura \ud83d\udea8\" width=\"640\" height=\"360\" src=\"https:\/\/www.youtube.com\/embed\/oUPN6e1NtIo?feature=oembed\" frameborder=\"0\" allow=\"accelerometer; autoplay; clipboard-write; encrypted-media; gyroscope; picture-in-picture; web-share\" referrerpolicy=\"strict-origin-when-cross-origin\" allowfullscreen><\/iframe>\n<\/div><\/figure>\n\n\n\n<p>El detenido, identificado como Carlos Estiben Mina, llevaba consigo un rev\u00f3lver con tres cartuchos, que seg\u00fan las autoridades podr\u00eda haber sido utilizado en la comisi\u00f3n de actividades delictivas.<\/p>\n\n\n\n<p>Tras su aprehensi\u00f3n, Mina fue dejado a disposici\u00f3n de la Fiscal\u00eda General de la Naci\u00f3n, donde deber\u00e1 responder por el delito de fabricaci\u00f3n, tr\u00e1fico y porte ilegal de armas de fuego o municiones.<\/p>\n\n\n\n<p>Las autoridades reiteraron que continuar\u00e1n desarrollando operativos en sectores estrat\u00e9gicos de Buenaventura con el objetivo de prevenir hechos violentos y garantizar la seguridad ciudadana.<\/p>\n","protected":false},"excerpt":{"rendered":"<p>En el barrio Antonio Nari\u00f1o de Buenaventura, unidades de la Polic\u00eda Nacional lograron la captura en flagrancia de un hombre que portaba un arma de fuego. El procedimiento se realiz\u00f3 en el marco de la estrategia Todos contra el homicidio. El detenido, identificado como Carlos Estiben Mina, llevaba consigo un rev\u00f3lver con tres cartuchos, que [&hellip;]<\/p>\n","protected":false},"author":3,"featured_media":36474,"comment_status":"open","ping_status":"open","sticky":false,"template":"","format":"video","meta":{"footnotes":""},"categories":[10,1515],"tags":[],"class_list":["post-36445","post","type-post","status-publish","format-video","has-post-thumbnail","hentry","category-cnc-noticias-tulua","category-cnc-tulua","post_format-post-format-video"],"_links":{"self":[{"href":"https:\/\/cnctulua.tv\/index.php?rest_route=\/wp\/v2\/posts\/36445","targetHints":{"allow":["GET"]}}],"collection":[{"href":"https:\/\/cnctulua.tv\/index.php?rest_route=\/wp\/v2\/posts"}],"about":[{"href":"https:\/\/cnctulua.tv\/index.php?rest_route=\/wp\/v2\/types\/post"}],"author":[{"embeddable":true,"href":"https:\/\/cnctulua.tv\/index.php?rest_route=\/wp\/v2\/users\/3"}],"replies":[{"embeddable":true,"href":"https:\/\/cnctulua.tv\/index.php?rest_route=%2Fwp%2Fv2%2Fcomments&post=36445"}],"version-history":[{"count":1,"href":"https:\/\/cnctulua.tv\/index.php?rest_route=\/wp\/v2\/posts\/36445\/revisions"}],"predecessor-version":[{"id":36475,"href":"https:\/\/cnctulua.tv\/index.php?rest_route=\/wp\/v2\/posts\/36445\/revisions\/36475"}],"wp:featuredmedia":[{"embeddable":true,"href":"https:\/\/cnctulua.tv\/index.php?rest_route=\/wp\/v2\/media\/36474"}],"wp:attachment":[{"href":"https:\/\/cnctulua.tv\/index.php?rest_route=%2Fwp%2Fv2%2Fmedia&parent=36445"}],"wp:term":[{"taxonomy":"category","embeddable":true,"href":"https:\/\/cnctulua.tv\/index.php?rest_route=%2Fwp%2Fv2%2Fcategories&post=36445"},{"taxonomy":"post_tag","embeddable":true,"href":"https:\/\/cnctulua.tv\/index.php?rest_route=%2Fwp%2Fv2%2Ftags&post=36445"}],"curies":[{"name":"wp","href":"https:\/\/api.w.org\/{rel}","templated":true}]}}