{"id":36462,"date":"2025-08-26T17:48:27","date_gmt":"2025-08-26T17:48:27","guid":{"rendered":"https:\/\/cnctulua.tv\/?p=36462"},"modified":"2025-08-26T17:48:27","modified_gmt":"2025-08-26T17:48:27","slug":"tulua-avanza-en-el-plan-territorial-integral-de-gestion-del-riesgo-escolar","status":"publish","type":"post","link":"https:\/\/cnctulua.tv\/?p=36462","title":{"rendered":"Tulu\u00e1 avanza en el Plan Territorial Integral de Gesti\u00f3n del Riesgo Escolar."},"content":{"rendered":"\n<p>La Secretar\u00eda de Educaci\u00f3n Municipal de Tulu\u00e1, en articulaci\u00f3n con el Ministerio de Educaci\u00f3n Nacional, realiz\u00f3 un encuentro con docentes y directivos para socializar los lineamientos del Plan Territorial Integral de Gesti\u00f3n del Riesgo Escolar.<\/p>\n\n\n\n<figure class=\"wp-block-embed is-type-video is-provider-youtube wp-block-embed-youtube wp-embed-aspect-16-9 wp-has-aspect-ratio\"><div class=\"wp-block-embed__wrapper\">\n<iframe loading=\"lazy\" title=\"\ud83d\udcda\ud83c\udf1f Prevenci\u00f3n y educaci\u00f3n en Tulu\u00e1 con la socializaci\u00f3n de los lineamientos del Plan Territorial.\" width=\"640\" height=\"360\" src=\"https:\/\/www.youtube.com\/embed\/useD63Rb6zs?feature=oembed\" frameborder=\"0\" allow=\"accelerometer; autoplay; clipboard-write; encrypted-media; gyroscope; picture-in-picture; web-share\" referrerpolicy=\"strict-origin-when-cross-origin\" allowfullscreen><\/iframe>\n<\/div><\/figure>\n\n\n\n<p>El plan permitir\u00e1 que estudiantes y docentes conozcan las acciones y competencias necesarias frente a distintos escenarios de riesgo en el entorno educativo. Se priorizaron instituciones piloto y se asignaron 45 cupos de formaci\u00f3n en gesti\u00f3n del riesgo escolar, capacitando a nueve colegios con cinco docentes por instituci\u00f3n durante 164 horas, con certificaci\u00f3n oficial.<\/p>\n\n\n\n<p>Con esta iniciativa, la Administraci\u00f3n Municipal busca fortalecer la cultura de prevenci\u00f3n y preparaci\u00f3n en la comunidad educativa, desarrollando habilidades para enfrentar riesgos y estar mejor preparados ante fen\u00f3menos naturales.<\/p>\n","protected":false},"excerpt":{"rendered":"<p>La Secretar\u00eda de Educaci\u00f3n Municipal de Tulu\u00e1, en articulaci\u00f3n con el Ministerio de Educaci\u00f3n Nacional, realiz\u00f3 un encuentro con docentes y directivos para socializar los lineamientos del Plan Territorial Integral de Gesti\u00f3n del Riesgo Escolar. El plan permitir\u00e1 que estudiantes y docentes conozcan las acciones y competencias necesarias frente a distintos escenarios de riesgo en [&hellip;]<\/p>\n","protected":false},"author":3,"featured_media":36527,"comment_status":"open","ping_status":"open","sticky":false,"template":"","format":"video","meta":{"footnotes":""},"categories":[10,1515],"tags":[],"class_list":["post-36462","post","type-post","status-publish","format-video","has-post-thumbnail","hentry","category-cnc-noticias-tulua","category-cnc-tulua","post_format-post-format-video"],"_links":{"self":[{"href":"https:\/\/cnctulua.tv\/index.php?rest_route=\/wp\/v2\/posts\/36462","targetHints":{"allow":["GET"]}}],"collection":[{"href":"https:\/\/cnctulua.tv\/index.php?rest_route=\/wp\/v2\/posts"}],"about":[{"href":"https:\/\/cnctulua.tv\/index.php?rest_route=\/wp\/v2\/types\/post"}],"author":[{"embeddable":true,"href":"https:\/\/cnctulua.tv\/index.php?rest_route=\/wp\/v2\/users\/3"}],"replies":[{"embeddable":true,"href":"https:\/\/cnctulua.tv\/index.php?rest_route=%2Fwp%2Fv2%2Fcomments&post=36462"}],"version-history":[{"count":1,"href":"https:\/\/cnctulua.tv\/index.php?rest_route=\/wp\/v2\/posts\/36462\/revisions"}],"predecessor-version":[{"id":36528,"href":"https:\/\/cnctulua.tv\/index.php?rest_route=\/wp\/v2\/posts\/36462\/revisions\/36528"}],"wp:featuredmedia":[{"embeddable":true,"href":"https:\/\/cnctulua.tv\/index.php?rest_route=\/wp\/v2\/media\/36527"}],"wp:attachment":[{"href":"https:\/\/cnctulua.tv\/index.php?rest_route=%2Fwp%2Fv2%2Fmedia&parent=36462"}],"wp:term":[{"taxonomy":"category","embeddable":true,"href":"https:\/\/cnctulua.tv\/index.php?rest_route=%2Fwp%2Fv2%2Fcategories&post=36462"},{"taxonomy":"post_tag","embeddable":true,"href":"https:\/\/cnctulua.tv\/index.php?rest_route=%2Fwp%2Fv2%2Ftags&post=36462"}],"curies":[{"name":"wp","href":"https:\/\/api.w.org\/{rel}","templated":true}]}}