{"id":36534,"date":"2025-08-26T18:30:41","date_gmt":"2025-08-26T18:30:41","guid":{"rendered":"https:\/\/cnctulua.tv\/?p=36534"},"modified":"2025-08-26T18:30:41","modified_gmt":"2025-08-26T18:30:41","slug":"gobernacion-del-valle-del-cauca-impulsa-habilidades-socioemocionales-en-las-escuelas","status":"publish","type":"post","link":"https:\/\/cnctulua.tv\/?p=36534","title":{"rendered":"Gobernaci\u00f3n del Valle del Cauca impulsa habilidades socioemocionales en las escuelas."},"content":{"rendered":"\n<p>En el \u2018Encuentro Departamental de Experiencias en Habilidades Socioemocionales\u2019, la Gobernaci\u00f3n del Valle del Cauca destac\u00f3 experiencias pedag\u00f3gicas que fortalecen la salud mental y la sana convivencia en las instituciones educativas.<\/p>\n\n\n\n<figure class=\"wp-block-embed is-type-video is-provider-youtube wp-block-embed-youtube wp-embed-aspect-16-9 wp-has-aspect-ratio\"><div class=\"wp-block-embed__wrapper\">\n<iframe loading=\"lazy\" title=\"\ud83d\udcda\u2728 Valle del Cauca impulsa habilidades socioemocionales en las escuelas.\" width=\"640\" height=\"360\" src=\"https:\/\/www.youtube.com\/embed\/S-NynR3cxjg?feature=oembed\" frameborder=\"0\" allow=\"accelerometer; autoplay; clipboard-write; encrypted-media; gyroscope; picture-in-picture; web-share\" referrerpolicy=\"strict-origin-when-cross-origin\" allowfullscreen><\/iframe>\n<\/div><\/figure>\n\n\n\n<p>Mar\u00eda Cristina Lesmes, gobernadora encargada, afirm\u00f3 que la estrategia acompa\u00f1a a los estudiantes desde tempranas edades, trabajando con familias y comunidades educativas para desarrollar tolerancia, solidaridad y capacidad de manejo de emociones.<\/p>\n\n\n\n<p>Ana Milena Orozco, subsecretaria de Calidad Educativa, explic\u00f3 que la iniciativa llega a 148 instituciones educativas, formando a maestros de los primeros grados y fortaleciendo la interacci\u00f3n con padres y directivos, fomentando entornos protectores para los ni\u00f1os y ni\u00f1as.<\/p>\n\n\n\n<p>Durante el encuentro se reconocieron 20 experiencias destacadas, incluyendo las implementadas en la Instituci\u00f3n Educativa La Consolita de Caicedonia y el Ateneo de Pradera. Ricardo Jos\u00e9 Fernando Mej\u00eda, director de Aulas en Paz, resalt\u00f3 la importancia de estas habilidades para la convivencia y el bienestar colectivo.<\/p>\n\n\n\n<p>Con esta estrategia, la Gobernaci\u00f3n del Valle del Cauca busca consolidar entornos educativos protectores, promover la salud mental y fomentar una cultura de paz desde las aulas.<\/p>\n","protected":false},"excerpt":{"rendered":"<p>En el \u2018Encuentro Departamental de Experiencias en Habilidades Socioemocionales\u2019, la Gobernaci\u00f3n del Valle del Cauca destac\u00f3 experiencias pedag\u00f3gicas que fortalecen la salud mental y la sana convivencia en las instituciones educativas. Mar\u00eda Cristina Lesmes, gobernadora encargada, afirm\u00f3 que la estrategia acompa\u00f1a a los estudiantes desde tempranas edades, trabajando con familias y comunidades educativas para desarrollar [&hellip;]<\/p>\n","protected":false},"author":3,"featured_media":36535,"comment_status":"open","ping_status":"open","sticky":false,"template":"","format":"video","meta":{"footnotes":""},"categories":[1],"tags":[],"class_list":["post-36534","post","type-post","status-publish","format-video","has-post-thumbnail","hentry","category-uncategorized","post_format-post-format-video"],"_links":{"self":[{"href":"https:\/\/cnctulua.tv\/index.php?rest_route=\/wp\/v2\/posts\/36534","targetHints":{"allow":["GET"]}}],"collection":[{"href":"https:\/\/cnctulua.tv\/index.php?rest_route=\/wp\/v2\/posts"}],"about":[{"href":"https:\/\/cnctulua.tv\/index.php?rest_route=\/wp\/v2\/types\/post"}],"author":[{"embeddable":true,"href":"https:\/\/cnctulua.tv\/index.php?rest_route=\/wp\/v2\/users\/3"}],"replies":[{"embeddable":true,"href":"https:\/\/cnctulua.tv\/index.php?rest_route=%2Fwp%2Fv2%2Fcomments&post=36534"}],"version-history":[{"count":1,"href":"https:\/\/cnctulua.tv\/index.php?rest_route=\/wp\/v2\/posts\/36534\/revisions"}],"predecessor-version":[{"id":36540,"href":"https:\/\/cnctulua.tv\/index.php?rest_route=\/wp\/v2\/posts\/36534\/revisions\/36540"}],"wp:featuredmedia":[{"embeddable":true,"href":"https:\/\/cnctulua.tv\/index.php?rest_route=\/wp\/v2\/media\/36535"}],"wp:attachment":[{"href":"https:\/\/cnctulua.tv\/index.php?rest_route=%2Fwp%2Fv2%2Fmedia&parent=36534"}],"wp:term":[{"taxonomy":"category","embeddable":true,"href":"https:\/\/cnctulua.tv\/index.php?rest_route=%2Fwp%2Fv2%2Fcategories&post=36534"},{"taxonomy":"post_tag","embeddable":true,"href":"https:\/\/cnctulua.tv\/index.php?rest_route=%2Fwp%2Fv2%2Ftags&post=36534"}],"curies":[{"name":"wp","href":"https:\/\/api.w.org\/{rel}","templated":true}]}}