{"id":36537,"date":"2025-08-26T18:31:11","date_gmt":"2025-08-26T18:31:11","guid":{"rendered":"https:\/\/cnctulua.tv\/?p=36537"},"modified":"2025-08-26T18:31:11","modified_gmt":"2025-08-26T18:31:11","slug":"incidente-aislado-durante-avistamiento-de-ballenas-en-buenaventura","status":"publish","type":"post","link":"https:\/\/cnctulua.tv\/?p=36537","title":{"rendered":"Incidente aislado durante avistamiento de ballenas en Buenaventura."},"content":{"rendered":"\n<p>Durante la temporada de avistamiento de ballenas en Buenaventura, se report\u00f3 un incidente en el que un mam\u00edfero marino fue acorralado durante una salida tur\u00edstica. Seg\u00fan los registros, se trata de un hecho aislado en una temporada que ha transcurrido sin mayores inconvenientes desde el 15 de julio.<\/p>\n\n\n\n<figure class=\"wp-block-embed is-type-video is-provider-youtube wp-block-embed-youtube wp-embed-aspect-16-9 wp-has-aspect-ratio\"><div class=\"wp-block-embed__wrapper\">\n<iframe loading=\"lazy\" title=\"\ud83d\udc0b Avistamiento de ballenas en Buenaventura: incidente aislado.\" width=\"640\" height=\"360\" src=\"https:\/\/www.youtube.com\/embed\/0303EVIwSa8?feature=oembed\" frameborder=\"0\" allow=\"accelerometer; autoplay; clipboard-write; encrypted-media; gyroscope; picture-in-picture; web-share\" referrerpolicy=\"strict-origin-when-cross-origin\" allowfullscreen><\/iframe>\n<\/div><\/figure>\n\n\n\n<p>Las recomendaciones para los visitantes incluyen mantener una distancia m\u00ednima de 200 metros, evitar ruidos y no acorralar a las ballenas que llegan con sus cr\u00edas. Adem\u00e1s, los gu\u00edas y operadores tur\u00edsticos reciben capacitaciones continuas para garantizar un turismo responsable y sostenible, que proteja tanto a las especies como a los turistas.<\/p>\n\n\n\n<p>Las autoridades supervisan de manera permanente la temporada para promover pr\u00e1cticas de turismo que aseguren la conservaci\u00f3n de la biodiversidad y la seguridad de quienes participan en estas actividades en el Pac\u00edfico colombiano.<\/p>\n","protected":false},"excerpt":{"rendered":"<p>Durante la temporada de avistamiento de ballenas en Buenaventura, se report\u00f3 un incidente en el que un mam\u00edfero marino fue acorralado durante una salida tur\u00edstica. Seg\u00fan los registros, se trata de un hecho aislado en una temporada que ha transcurrido sin mayores inconvenientes desde el 15 de julio. Las recomendaciones para los visitantes incluyen mantener [&hellip;]<\/p>\n","protected":false},"author":3,"featured_media":36538,"comment_status":"open","ping_status":"open","sticky":false,"template":"","format":"video","meta":{"footnotes":""},"categories":[1],"tags":[],"class_list":["post-36537","post","type-post","status-publish","format-video","has-post-thumbnail","hentry","category-uncategorized","post_format-post-format-video"],"_links":{"self":[{"href":"https:\/\/cnctulua.tv\/index.php?rest_route=\/wp\/v2\/posts\/36537","targetHints":{"allow":["GET"]}}],"collection":[{"href":"https:\/\/cnctulua.tv\/index.php?rest_route=\/wp\/v2\/posts"}],"about":[{"href":"https:\/\/cnctulua.tv\/index.php?rest_route=\/wp\/v2\/types\/post"}],"author":[{"embeddable":true,"href":"https:\/\/cnctulua.tv\/index.php?rest_route=\/wp\/v2\/users\/3"}],"replies":[{"embeddable":true,"href":"https:\/\/cnctulua.tv\/index.php?rest_route=%2Fwp%2Fv2%2Fcomments&post=36537"}],"version-history":[{"count":1,"href":"https:\/\/cnctulua.tv\/index.php?rest_route=\/wp\/v2\/posts\/36537\/revisions"}],"predecessor-version":[{"id":36541,"href":"https:\/\/cnctulua.tv\/index.php?rest_route=\/wp\/v2\/posts\/36537\/revisions\/36541"}],"wp:featuredmedia":[{"embeddable":true,"href":"https:\/\/cnctulua.tv\/index.php?rest_route=\/wp\/v2\/media\/36538"}],"wp:attachment":[{"href":"https:\/\/cnctulua.tv\/index.php?rest_route=%2Fwp%2Fv2%2Fmedia&parent=36537"}],"wp:term":[{"taxonomy":"category","embeddable":true,"href":"https:\/\/cnctulua.tv\/index.php?rest_route=%2Fwp%2Fv2%2Fcategories&post=36537"},{"taxonomy":"post_tag","embeddable":true,"href":"https:\/\/cnctulua.tv\/index.php?rest_route=%2Fwp%2Fv2%2Ftags&post=36537"}],"curies":[{"name":"wp","href":"https:\/\/api.w.org\/{rel}","templated":true}]}}