{"id":36558,"date":"2025-08-27T17:50:10","date_gmt":"2025-08-27T17:50:10","guid":{"rendered":"https:\/\/cnctulua.tv\/?p=36558"},"modified":"2025-08-27T17:50:10","modified_gmt":"2025-08-27T17:50:10","slug":"central-de-transportes-de-tulua-epicentro-del-encuentro-de-turismo","status":"publish","type":"post","link":"https:\/\/cnctulua.tv\/?p=36558","title":{"rendered":"Central de Transportes de Tulu\u00e1, epicentro del encuentro de turismo."},"content":{"rendered":"\n<p>La Central de Transportes de Tulu\u00e1 fue el escenario escogido para reunir a autoridades y delegados de turismo de los 42 municipios del Valle del Cauca.<\/p>\n\n\n\n<figure class=\"wp-block-embed is-type-video is-provider-youtube wp-block-embed-youtube wp-embed-aspect-16-9 wp-has-aspect-ratio\"><div class=\"wp-block-embed__wrapper\">\n<iframe loading=\"lazy\" title=\"Central de Transportes de Tulu\u00e1, sede del encuentro de turismo del Valle del Cauca. \ud83d\ude8d\u2728\" width=\"640\" height=\"360\" src=\"https:\/\/www.youtube.com\/embed\/wG52NNxqqNY?feature=oembed\" frameborder=\"0\" allow=\"accelerometer; autoplay; clipboard-write; encrypted-media; gyroscope; picture-in-picture; web-share\" referrerpolicy=\"strict-origin-when-cross-origin\" allowfullscreen><\/iframe>\n<\/div><\/figure>\n\n\n\n<p>La gerente, Libia Fernanda Pasm\u00edn, explic\u00f3 que la terminal es considerada un eje fundamental para la regi\u00f3n, no solo por su papel en la movilidad sino tambi\u00e9n por su impacto en la din\u00e1mica econ\u00f3mica y tur\u00edstica. Con m\u00e1s de 190 rutas activas y un flujo que la ubica como la s\u00e9ptima terminal del pa\u00eds en movimiento de pasajeros, la central se convierte en la puerta de entrada para miles de visitantes.<\/p>\n\n\n\n<p>De acuerdo con Pasm\u00edn, la preparaci\u00f3n para la temporada de fin de a\u00f1o ya est\u00e1 en marcha, con el fin de garantizar un servicio eficiente en uno de los periodos de mayor afluencia de viajeros.<\/p>\n","protected":false},"excerpt":{"rendered":"<p>La Central de Transportes de Tulu\u00e1 fue el escenario escogido para reunir a autoridades y delegados de turismo de los 42 municipios del Valle del Cauca. La gerente, Libia Fernanda Pasm\u00edn, explic\u00f3 que la terminal es considerada un eje fundamental para la regi\u00f3n, no solo por su papel en la movilidad sino tambi\u00e9n por su [&hellip;]<\/p>\n","protected":false},"author":3,"featured_media":36583,"comment_status":"open","ping_status":"open","sticky":false,"template":"","format":"video","meta":{"footnotes":""},"categories":[1],"tags":[],"class_list":["post-36558","post","type-post","status-publish","format-video","has-post-thumbnail","hentry","category-uncategorized","post_format-post-format-video"],"_links":{"self":[{"href":"https:\/\/cnctulua.tv\/index.php?rest_route=\/wp\/v2\/posts\/36558","targetHints":{"allow":["GET"]}}],"collection":[{"href":"https:\/\/cnctulua.tv\/index.php?rest_route=\/wp\/v2\/posts"}],"about":[{"href":"https:\/\/cnctulua.tv\/index.php?rest_route=\/wp\/v2\/types\/post"}],"author":[{"embeddable":true,"href":"https:\/\/cnctulua.tv\/index.php?rest_route=\/wp\/v2\/users\/3"}],"replies":[{"embeddable":true,"href":"https:\/\/cnctulua.tv\/index.php?rest_route=%2Fwp%2Fv2%2Fcomments&post=36558"}],"version-history":[{"count":1,"href":"https:\/\/cnctulua.tv\/index.php?rest_route=\/wp\/v2\/posts\/36558\/revisions"}],"predecessor-version":[{"id":36586,"href":"https:\/\/cnctulua.tv\/index.php?rest_route=\/wp\/v2\/posts\/36558\/revisions\/36586"}],"wp:featuredmedia":[{"embeddable":true,"href":"https:\/\/cnctulua.tv\/index.php?rest_route=\/wp\/v2\/media\/36583"}],"wp:attachment":[{"href":"https:\/\/cnctulua.tv\/index.php?rest_route=%2Fwp%2Fv2%2Fmedia&parent=36558"}],"wp:term":[{"taxonomy":"category","embeddable":true,"href":"https:\/\/cnctulua.tv\/index.php?rest_route=%2Fwp%2Fv2%2Fcategories&post=36558"},{"taxonomy":"post_tag","embeddable":true,"href":"https:\/\/cnctulua.tv\/index.php?rest_route=%2Fwp%2Fv2%2Ftags&post=36558"}],"curies":[{"name":"wp","href":"https:\/\/api.w.org\/{rel}","templated":true}]}}