{"id":36559,"date":"2025-08-27T18:49:58","date_gmt":"2025-08-27T18:49:58","guid":{"rendered":"https:\/\/cnctulua.tv\/?p=36559"},"modified":"2025-08-27T18:49:58","modified_gmt":"2025-08-27T18:49:58","slug":"tulua-vivira-el-gran-festival-de-cometas-este-6-de-septiembre","status":"publish","type":"post","link":"https:\/\/cnctulua.tv\/?p=36559","title":{"rendered":"Tulu\u00e1 vivir\u00e1 el Gran Festival de Cometas este 6 de septiembre"},"content":{"rendered":"\n<p>La Central de Transportes de Tulu\u00e1 invita a toda la comunidad a disfrutar del Gran Festival de Cometas, un evento que busca rescatar la tradici\u00f3n de volar cometas como una experiencia cultural y familiar.<\/p>\n\n\n\n<figure class=\"wp-block-embed is-type-video is-provider-youtube wp-block-embed-youtube wp-embed-aspect-16-9 wp-has-aspect-ratio\"><div class=\"wp-block-embed__wrapper\">\n<iframe loading=\"lazy\" title=\"\ud83e\ude81 \u00a1Tulu\u00e1 se viste de colores en el cielo!\" width=\"640\" height=\"360\" src=\"https:\/\/www.youtube.com\/embed\/NZmOAaPZnZk?feature=oembed\" frameborder=\"0\" allow=\"accelerometer; autoplay; clipboard-write; encrypted-media; gyroscope; picture-in-picture; web-share\" referrerpolicy=\"strict-origin-when-cross-origin\" allowfullscreen><\/iframe>\n<\/div><\/figure>\n\n\n\n<p>La programaci\u00f3n inicia el pr\u00f3ximo 30 de agosto con talleres de construcci\u00f3n de cometas, desde las 3:00 p.m., donde padres, hijos y j\u00f3venes aprender\u00e1n t\u00e9cnicas para crear sus propias piezas.<\/p>\n\n\n\n<p>El gran cierre ser\u00e1 el 6 de septiembre, en las zonas verdes contiguas a la Central de Transportes. Ese d\u00eda se premiar\u00e1 la cometa m\u00e1s grande, la m\u00e1s peque\u00f1a y la m\u00e1s creativa.<\/p>\n\n\n\n<p>La gerente de la Central de Transportes, Libia Fernanda Pasm\u00edn, asegur\u00f3 que el objetivo es propiciar espacios de uni\u00f3n:<\/p>\n\n\n\n<p>\u201cInvitamos a las familias a volver a ser ni\u00f1os, disfrutar y compartir un d\u00eda lleno de alegr\u00eda, creatividad y tradici\u00f3n.\u201d Los interesados en participar deber\u00e1n inscribirse previamente a trav\u00e9s de las redes sociales oficiales de la Alcald\u00eda de Tulu\u00e1, Infitul\u00faa, La Bacana y la Central de Transportes.<\/p>\n\n\n\n<p>Fechas clave:<\/p>\n\n\n\n<p>Taller de construcci\u00f3n: 30 de agosto | 3:00 p.m. \u2013 6:00 p.m.<\/p>\n\n\n\n<p>Festival de Cometas: 6 de septiembre | 3:00 p.m. \u2013 6:00 p.m.<\/p>\n","protected":false},"excerpt":{"rendered":"<p>La Central de Transportes de Tulu\u00e1 invita a toda la comunidad a disfrutar del Gran Festival de Cometas, un evento que busca rescatar la tradici\u00f3n de volar cometas como una experiencia cultural y familiar. La programaci\u00f3n inicia el pr\u00f3ximo 30 de agosto con talleres de construcci\u00f3n de cometas, desde las 3:00 p.m., donde padres, hijos [&hellip;]<\/p>\n","protected":false},"author":3,"featured_media":36595,"comment_status":"open","ping_status":"open","sticky":false,"template":"","format":"video","meta":{"footnotes":""},"categories":[1],"tags":[],"class_list":["post-36559","post","type-post","status-publish","format-video","has-post-thumbnail","hentry","category-uncategorized","post_format-post-format-video"],"_links":{"self":[{"href":"https:\/\/cnctulua.tv\/index.php?rest_route=\/wp\/v2\/posts\/36559","targetHints":{"allow":["GET"]}}],"collection":[{"href":"https:\/\/cnctulua.tv\/index.php?rest_route=\/wp\/v2\/posts"}],"about":[{"href":"https:\/\/cnctulua.tv\/index.php?rest_route=\/wp\/v2\/types\/post"}],"author":[{"embeddable":true,"href":"https:\/\/cnctulua.tv\/index.php?rest_route=\/wp\/v2\/users\/3"}],"replies":[{"embeddable":true,"href":"https:\/\/cnctulua.tv\/index.php?rest_route=%2Fwp%2Fv2%2Fcomments&post=36559"}],"version-history":[{"count":1,"href":"https:\/\/cnctulua.tv\/index.php?rest_route=\/wp\/v2\/posts\/36559\/revisions"}],"predecessor-version":[{"id":36598,"href":"https:\/\/cnctulua.tv\/index.php?rest_route=\/wp\/v2\/posts\/36559\/revisions\/36598"}],"wp:featuredmedia":[{"embeddable":true,"href":"https:\/\/cnctulua.tv\/index.php?rest_route=\/wp\/v2\/media\/36595"}],"wp:attachment":[{"href":"https:\/\/cnctulua.tv\/index.php?rest_route=%2Fwp%2Fv2%2Fmedia&parent=36559"}],"wp:term":[{"taxonomy":"category","embeddable":true,"href":"https:\/\/cnctulua.tv\/index.php?rest_route=%2Fwp%2Fv2%2Fcategories&post=36559"},{"taxonomy":"post_tag","embeddable":true,"href":"https:\/\/cnctulua.tv\/index.php?rest_route=%2Fwp%2Fv2%2Ftags&post=36559"}],"curies":[{"name":"wp","href":"https:\/\/api.w.org\/{rel}","templated":true}]}}