{"id":36565,"date":"2025-08-27T16:05:45","date_gmt":"2025-08-27T16:05:45","guid":{"rendered":"https:\/\/cnctulua.tv\/?p=36565"},"modified":"2025-08-27T16:05:45","modified_gmt":"2025-08-27T16:05:45","slug":"liberan-a-medica-daniela-hernandez-en-sevilla-tras-12-dias-de-secuestro","status":"publish","type":"post","link":"https:\/\/cnctulua.tv\/?p=36565","title":{"rendered":"Liberan a m\u00e9dica Daniela Hern\u00e1ndez en Sevilla tras 12 d\u00edas de secuestro."},"content":{"rendered":"\n<p>La m\u00e9dica Daniela Hern\u00e1ndez Montoya, secuestrada el pasado 14 de agosto en Sevilla, Valle del Cauca, recuper\u00f3 su libertad luego de permanecer 12 d\u00edas en cautiverio.<\/p>\n\n\n\n<figure class=\"wp-block-embed is-type-video is-provider-youtube wp-block-embed-youtube wp-embed-aspect-16-9 wp-has-aspect-ratio\"><div class=\"wp-block-embed__wrapper\">\n<iframe loading=\"lazy\" title=\"\ud83d\ude4f Tras 12 d\u00edas de cautiverio, fue liberada la m\u00e9dica Daniela Hern\u00e1ndez Montoya en Sevilla.\" width=\"640\" height=\"360\" src=\"https:\/\/www.youtube.com\/embed\/TcsTyDZddGE?feature=oembed\" frameborder=\"0\" allow=\"accelerometer; autoplay; clipboard-write; encrypted-media; gyroscope; picture-in-picture; web-share\" referrerpolicy=\"strict-origin-when-cross-origin\" allowfullscreen><\/iframe>\n<\/div><\/figure>\n\n\n\n<p>De acuerdo con la informaci\u00f3n oficial, la liberaci\u00f3n se produjo en zona rural del municipio tras una gesti\u00f3n humanitaria de la Organizaci\u00f3n de Naciones Unidas.<\/p>\n\n\n\n<p>El personero municipal de Sevilla, Jhon Osorio, confirm\u00f3 la noticia y se\u00f1al\u00f3 que la profesional ya se encuentra con su familia.<\/p>\n\n\n\n<p>\u201cAgradecemos a Dios porque las oraciones de toda la comunidad surtieron el efecto que tanto esper\u00e1bamos\u201d, expres\u00f3 Osorio.<\/p>\n\n\n\n<p>La Personer\u00eda municipal indic\u00f3 que seguir\u00e1 trabajando para que este tipo de hechos no se repitan en la poblaci\u00f3n.<\/p>\n\n\n\n<p><\/p>\n","protected":false},"excerpt":{"rendered":"<p>La m\u00e9dica Daniela Hern\u00e1ndez Montoya, secuestrada el pasado 14 de agosto en Sevilla, Valle del Cauca, recuper\u00f3 su libertad luego de permanecer 12 d\u00edas en cautiverio. De acuerdo con la informaci\u00f3n oficial, la liberaci\u00f3n se produjo en zona rural del municipio tras una gesti\u00f3n humanitaria de la Organizaci\u00f3n de Naciones Unidas. El personero municipal de [&hellip;]<\/p>\n","protected":false},"author":3,"featured_media":36568,"comment_status":"open","ping_status":"open","sticky":false,"template":"","format":"video","meta":{"footnotes":""},"categories":[1],"tags":[],"class_list":["post-36565","post","type-post","status-publish","format-video","has-post-thumbnail","hentry","category-uncategorized","post_format-post-format-video"],"_links":{"self":[{"href":"https:\/\/cnctulua.tv\/index.php?rest_route=\/wp\/v2\/posts\/36565","targetHints":{"allow":["GET"]}}],"collection":[{"href":"https:\/\/cnctulua.tv\/index.php?rest_route=\/wp\/v2\/posts"}],"about":[{"href":"https:\/\/cnctulua.tv\/index.php?rest_route=\/wp\/v2\/types\/post"}],"author":[{"embeddable":true,"href":"https:\/\/cnctulua.tv\/index.php?rest_route=\/wp\/v2\/users\/3"}],"replies":[{"embeddable":true,"href":"https:\/\/cnctulua.tv\/index.php?rest_route=%2Fwp%2Fv2%2Fcomments&post=36565"}],"version-history":[{"count":1,"href":"https:\/\/cnctulua.tv\/index.php?rest_route=\/wp\/v2\/posts\/36565\/revisions"}],"predecessor-version":[{"id":36569,"href":"https:\/\/cnctulua.tv\/index.php?rest_route=\/wp\/v2\/posts\/36565\/revisions\/36569"}],"wp:featuredmedia":[{"embeddable":true,"href":"https:\/\/cnctulua.tv\/index.php?rest_route=\/wp\/v2\/media\/36568"}],"wp:attachment":[{"href":"https:\/\/cnctulua.tv\/index.php?rest_route=%2Fwp%2Fv2%2Fmedia&parent=36565"}],"wp:term":[{"taxonomy":"category","embeddable":true,"href":"https:\/\/cnctulua.tv\/index.php?rest_route=%2Fwp%2Fv2%2Fcategories&post=36565"},{"taxonomy":"post_tag","embeddable":true,"href":"https:\/\/cnctulua.tv\/index.php?rest_route=%2Fwp%2Fv2%2Ftags&post=36565"}],"curies":[{"name":"wp","href":"https:\/\/api.w.org\/{rel}","templated":true}]}}