{"id":36738,"date":"2025-09-01T17:19:08","date_gmt":"2025-09-01T17:19:08","guid":{"rendered":"https:\/\/cnctulua.tv\/?p=36738"},"modified":"2025-09-01T17:19:08","modified_gmt":"2025-09-01T17:19:08","slug":"gobernadora-del-valle-pide-solidaridad-con-victimas-del-atentado-en-cali-y-apoyo-del-gobierno-nacional","status":"publish","type":"post","link":"https:\/\/cnctulua.tv\/?p=36738","title":{"rendered":"Gobernadora del Valle pide solidaridad con v\u00edctimas del atentado en Cali y apoyo del Gobierno nacional."},"content":{"rendered":"\n<p>La gobernadora del Valle del Cauca, Dilian Francisca Toro, hizo un llamado a la ciudadan\u00eda para apoyar a las v\u00edctimas del atentado ocurrido el 21 de agosto en las afueras de la Escuela Militar de Aviaci\u00f3n \u2018Marco Fidel Su\u00e1rez\u2019, en Cali. El ataque dej\u00f3 seis muertos y m\u00e1s de 80 heridos.<\/p>\n\n\n\n<figure class=\"wp-block-embed is-type-video is-provider-youtube wp-block-embed-youtube wp-embed-aspect-16-9 wp-has-aspect-ratio\"><div class=\"wp-block-embed__wrapper\">\nhttps:\/\/youtu.be\/22_EnZoAapc\n<\/div><\/figure>\n\n\n\n<p>Seg\u00fan la mandataria, la caracterizaci\u00f3n de los afectados ya fue finalizada y se activaron centros de escucha. Adem\u00e1s, se adelantan planes de recuperaci\u00f3n econ\u00f3mica en alianza con la Alcald\u00eda, el sector privado y el Comit\u00e9 Intergremial, que incluyen cr\u00e9ditos sin intereses y la reconstrucci\u00f3n de la infraestructura afectada.<\/p>\n\n\n\n<figure class=\"wp-block-image size-large\"><img loading=\"lazy\" decoding=\"async\" width=\"1024\" height=\"682\" src=\"https:\/\/cnctulua.tv\/wp-content\/uploads\/2025\/09\/apoyos-VICTIMAS-DE-ATENTADO-EN-CALI-1-1024x682.jpeg\" alt=\"\" class=\"wp-image-36752\" srcset=\"https:\/\/cnctulua.tv\/wp-content\/uploads\/2025\/09\/apoyos-VICTIMAS-DE-ATENTADO-EN-CALI-1-1024x682.jpeg 1024w, https:\/\/cnctulua.tv\/wp-content\/uploads\/2025\/09\/apoyos-VICTIMAS-DE-ATENTADO-EN-CALI-1-300x200.jpeg 300w, https:\/\/cnctulua.tv\/wp-content\/uploads\/2025\/09\/apoyos-VICTIMAS-DE-ATENTADO-EN-CALI-1-768x512.jpeg 768w, https:\/\/cnctulua.tv\/wp-content\/uploads\/2025\/09\/apoyos-VICTIMAS-DE-ATENTADO-EN-CALI-1.jpeg 1280w\" sizes=\"auto, (max-width: 1024px) 100vw, 1024px\" \/><\/figure>\n\n\n\n<p>Toro insisti\u00f3 en que los esfuerzos locales no son suficientes sin la participaci\u00f3n del Gobierno nacional. Indic\u00f3 que, aunque se han invertido recursos en movilidad de la Fuerza P\u00fablica, antidrones y c\u00e1maras de vigilancia, se requieren mayores apoyos para enfrentar la situaci\u00f3n de seguridad en la regi\u00f3n.<\/p>\n\n\n\n<p>Los ciudadanos que deseen contribuir a la campa\u00f1a solidaria pueden hacerlo a trav\u00e9s del enlace habilitado en la plataforma Vaki: vaki.co\/es\/vaki\/cali-y-el-valle-lo-valen.<\/p>\n","protected":false},"excerpt":{"rendered":"<p>La gobernadora del Valle del Cauca, Dilian Francisca Toro, hizo un llamado a la ciudadan\u00eda para apoyar a las v\u00edctimas del atentado ocurrido el 21 de agosto en las afueras de la Escuela Militar de Aviaci\u00f3n \u2018Marco Fidel Su\u00e1rez\u2019, en Cali. El ataque dej\u00f3 seis muertos y m\u00e1s de 80 heridos. Seg\u00fan la mandataria, la [&hellip;]<\/p>\n","protected":false},"author":3,"featured_media":36751,"comment_status":"open","ping_status":"open","sticky":false,"template":"","format":"video","meta":{"footnotes":""},"categories":[1],"tags":[],"class_list":["post-36738","post","type-post","status-publish","format-video","has-post-thumbnail","hentry","category-uncategorized","post_format-post-format-video"],"_links":{"self":[{"href":"https:\/\/cnctulua.tv\/index.php?rest_route=\/wp\/v2\/posts\/36738","targetHints":{"allow":["GET"]}}],"collection":[{"href":"https:\/\/cnctulua.tv\/index.php?rest_route=\/wp\/v2\/posts"}],"about":[{"href":"https:\/\/cnctulua.tv\/index.php?rest_route=\/wp\/v2\/types\/post"}],"author":[{"embeddable":true,"href":"https:\/\/cnctulua.tv\/index.php?rest_route=\/wp\/v2\/users\/3"}],"replies":[{"embeddable":true,"href":"https:\/\/cnctulua.tv\/index.php?rest_route=%2Fwp%2Fv2%2Fcomments&post=36738"}],"version-history":[{"count":1,"href":"https:\/\/cnctulua.tv\/index.php?rest_route=\/wp\/v2\/posts\/36738\/revisions"}],"predecessor-version":[{"id":36756,"href":"https:\/\/cnctulua.tv\/index.php?rest_route=\/wp\/v2\/posts\/36738\/revisions\/36756"}],"wp:featuredmedia":[{"embeddable":true,"href":"https:\/\/cnctulua.tv\/index.php?rest_route=\/wp\/v2\/media\/36751"}],"wp:attachment":[{"href":"https:\/\/cnctulua.tv\/index.php?rest_route=%2Fwp%2Fv2%2Fmedia&parent=36738"}],"wp:term":[{"taxonomy":"category","embeddable":true,"href":"https:\/\/cnctulua.tv\/index.php?rest_route=%2Fwp%2Fv2%2Fcategories&post=36738"},{"taxonomy":"post_tag","embeddable":true,"href":"https:\/\/cnctulua.tv\/index.php?rest_route=%2Fwp%2Fv2%2Ftags&post=36738"}],"curies":[{"name":"wp","href":"https:\/\/api.w.org\/{rel}","templated":true}]}}