{"id":36847,"date":"2025-09-03T18:37:15","date_gmt":"2025-09-03T18:37:15","guid":{"rendered":"https:\/\/cnctulua.tv\/?p=36847"},"modified":"2025-09-03T18:37:15","modified_gmt":"2025-09-03T18:37:15","slug":"yary-arboleda-bronce-en-salto-alto-en-la-fase-departamental-de-los-juegos-intercolegiados","status":"publish","type":"post","link":"https:\/\/cnctulua.tv\/?p=36847","title":{"rendered":"Yary Arboleda, bronce en salto alto en la Fase Departamental de los Juegos Intercolegiados."},"content":{"rendered":"\n<p>En la Fase Departamental de los Juegos Intercolegiados, celebrada en el estadio Pedro Grajales de Cali, la atleta tulue\u00f1a Yary Arboleda se destac\u00f3 con una medalla de bronce en salto alto.<\/p>\n\n\n\n<figure class=\"wp-block-embed is-type-video is-provider-youtube wp-block-embed-youtube wp-embed-aspect-16-9 wp-has-aspect-ratio\"><div class=\"wp-block-embed__wrapper\">\n<iframe loading=\"lazy\" title=\"\ud83c\udfa5 Yary Arboleda se lleva el bronce en salto alto en los Intercolegiados \ud83e\udd49 | Cali 2025.\" width=\"640\" height=\"360\" src=\"https:\/\/www.youtube.com\/embed\/xGQHERHdcg0?feature=oembed\" frameborder=\"0\" allow=\"accelerometer; autoplay; clipboard-write; encrypted-media; gyroscope; picture-in-picture; web-share\" referrerpolicy=\"strict-origin-when-cross-origin\" allowfullscreen><\/iframe>\n<\/div><\/figure>\n\n\n\n<p>Con 16 a\u00f1os, la deportista tambi\u00e9n particip\u00f3 en la prueba de salto largo, donde finaliz\u00f3 cuarta en lo que represent\u00f3 su primera experiencia en esa modalidad. \u201cFue muy satisfactorio porque aqu\u00ed en Tulu\u00e1 no tenemos c\u00f3mo entrenar esas pruebas, pero logr\u00e9 un cuarto puesto en salto largo y un tercero en salto alto, lo que me motiva mucho a seguir entrenando\u201d, se\u00f1al\u00f3.<\/p>\n\n\n\n<p>Arboleda resalt\u00f3 que la falta de escenarios en su municipio hace m\u00e1s dif\u00edcil la preparaci\u00f3n, sin embargo, considera que estos resultados son un incentivo para continuar su proceso deportivo y alcanzar mejores posiciones en pr\u00f3ximas competencias.<\/p>\n","protected":false},"excerpt":{"rendered":"<p>En la Fase Departamental de los Juegos Intercolegiados, celebrada en el estadio Pedro Grajales de Cali, la atleta tulue\u00f1a Yary Arboleda se destac\u00f3 con una medalla de bronce en salto alto. Con 16 a\u00f1os, la deportista tambi\u00e9n particip\u00f3 en la prueba de salto largo, donde finaliz\u00f3 cuarta en lo que represent\u00f3 su primera experiencia en [&hellip;]<\/p>\n","protected":false},"author":3,"featured_media":36873,"comment_status":"open","ping_status":"open","sticky":false,"template":"","format":"video","meta":{"footnotes":""},"categories":[1],"tags":[],"class_list":["post-36847","post","type-post","status-publish","format-video","has-post-thumbnail","hentry","category-uncategorized","post_format-post-format-video"],"_links":{"self":[{"href":"https:\/\/cnctulua.tv\/index.php?rest_route=\/wp\/v2\/posts\/36847","targetHints":{"allow":["GET"]}}],"collection":[{"href":"https:\/\/cnctulua.tv\/index.php?rest_route=\/wp\/v2\/posts"}],"about":[{"href":"https:\/\/cnctulua.tv\/index.php?rest_route=\/wp\/v2\/types\/post"}],"author":[{"embeddable":true,"href":"https:\/\/cnctulua.tv\/index.php?rest_route=\/wp\/v2\/users\/3"}],"replies":[{"embeddable":true,"href":"https:\/\/cnctulua.tv\/index.php?rest_route=%2Fwp%2Fv2%2Fcomments&post=36847"}],"version-history":[{"count":1,"href":"https:\/\/cnctulua.tv\/index.php?rest_route=\/wp\/v2\/posts\/36847\/revisions"}],"predecessor-version":[{"id":36874,"href":"https:\/\/cnctulua.tv\/index.php?rest_route=\/wp\/v2\/posts\/36847\/revisions\/36874"}],"wp:featuredmedia":[{"embeddable":true,"href":"https:\/\/cnctulua.tv\/index.php?rest_route=\/wp\/v2\/media\/36873"}],"wp:attachment":[{"href":"https:\/\/cnctulua.tv\/index.php?rest_route=%2Fwp%2Fv2%2Fmedia&parent=36847"}],"wp:term":[{"taxonomy":"category","embeddable":true,"href":"https:\/\/cnctulua.tv\/index.php?rest_route=%2Fwp%2Fv2%2Fcategories&post=36847"},{"taxonomy":"post_tag","embeddable":true,"href":"https:\/\/cnctulua.tv\/index.php?rest_route=%2Fwp%2Fv2%2Ftags&post=36847"}],"curies":[{"name":"wp","href":"https:\/\/api.w.org\/{rel}","templated":true}]}}