{"id":36887,"date":"2025-09-03T19:06:45","date_gmt":"2025-09-03T19:06:45","guid":{"rendered":"https:\/\/cnctulua.tv\/?p=36887"},"modified":"2025-09-03T19:06:45","modified_gmt":"2025-09-03T19:06:45","slug":"embellecimiento-del-parque-y-polideportivo-de-la-marina-mejora-espacios-comunitarios","status":"publish","type":"post","link":"https:\/\/cnctulua.tv\/?p=36887","title":{"rendered":"Embellecimiento del parque y polideportivo de La Marina mejora espacios comunitarios."},"content":{"rendered":"\n<p>Empresas Municipales de Tulu\u00e1 adelant\u00f3 labores de poda, limpieza, pintura y siembra de plantas ornamentales en el parque y polideportivo del corregimiento de La Marina, en el marco de una jornada que transform\u00f3 el aspecto de este espacio comunitario.<\/p>\n\n\n\n<figure class=\"wp-block-embed is-type-video is-provider-youtube wp-block-embed-youtube wp-embed-aspect-16-9 wp-has-aspect-ratio\"><div class=\"wp-block-embed__wrapper\">\n<iframe loading=\"lazy\" title=\"\ud83c\udf33 Jornada de embellecimiento en el parque y polideportivo de La Marina \ud83c\udfa8\u26bd\" width=\"640\" height=\"360\" src=\"https:\/\/www.youtube.com\/embed\/SpD54iwDoKM?feature=oembed\" frameborder=\"0\" allow=\"accelerometer; autoplay; clipboard-write; encrypted-media; gyroscope; picture-in-picture; web-share\" referrerpolicy=\"strict-origin-when-cross-origin\" allowfullscreen><\/iframe>\n<\/div><\/figure>\n\n\n\n<p>La Administraci\u00f3n Municipal, a trav\u00e9s de la Secretar\u00eda de Agricultura y Medio Ambiente, apoy\u00f3 la jornada con la poda de \u00e1rboles y la evacuaci\u00f3n de residuos s\u00f3lidos. Estas labores se realizaron con la participaci\u00f3n de la comunidad, reflejando el inter\u00e9s colectivo por conservar los espacios p\u00fablicos.<\/p>\n\n\n\n<p>El resultado de este trabajo conjunto fue un polideportivo m\u00e1s limpio y colorido, que ahora ofrece mejores condiciones para la pr\u00e1ctica del deporte, la recreaci\u00f3n y la integraci\u00f3n social.<\/p>\n","protected":false},"excerpt":{"rendered":"<p>Empresas Municipales de Tulu\u00e1 adelant\u00f3 labores de poda, limpieza, pintura y siembra de plantas ornamentales en el parque y polideportivo del corregimiento de La Marina, en el marco de una jornada que transform\u00f3 el aspecto de este espacio comunitario. La Administraci\u00f3n Municipal, a trav\u00e9s de la Secretar\u00eda de Agricultura y Medio Ambiente, apoy\u00f3 la jornada [&hellip;]<\/p>\n","protected":false},"author":3,"featured_media":36888,"comment_status":"open","ping_status":"open","sticky":false,"template":"","format":"video","meta":{"footnotes":""},"categories":[1],"tags":[],"class_list":["post-36887","post","type-post","status-publish","format-video","has-post-thumbnail","hentry","category-uncategorized","post_format-post-format-video"],"_links":{"self":[{"href":"https:\/\/cnctulua.tv\/index.php?rest_route=\/wp\/v2\/posts\/36887","targetHints":{"allow":["GET"]}}],"collection":[{"href":"https:\/\/cnctulua.tv\/index.php?rest_route=\/wp\/v2\/posts"}],"about":[{"href":"https:\/\/cnctulua.tv\/index.php?rest_route=\/wp\/v2\/types\/post"}],"author":[{"embeddable":true,"href":"https:\/\/cnctulua.tv\/index.php?rest_route=\/wp\/v2\/users\/3"}],"replies":[{"embeddable":true,"href":"https:\/\/cnctulua.tv\/index.php?rest_route=%2Fwp%2Fv2%2Fcomments&post=36887"}],"version-history":[{"count":1,"href":"https:\/\/cnctulua.tv\/index.php?rest_route=\/wp\/v2\/posts\/36887\/revisions"}],"predecessor-version":[{"id":36891,"href":"https:\/\/cnctulua.tv\/index.php?rest_route=\/wp\/v2\/posts\/36887\/revisions\/36891"}],"wp:featuredmedia":[{"embeddable":true,"href":"https:\/\/cnctulua.tv\/index.php?rest_route=\/wp\/v2\/media\/36888"}],"wp:attachment":[{"href":"https:\/\/cnctulua.tv\/index.php?rest_route=%2Fwp%2Fv2%2Fmedia&parent=36887"}],"wp:term":[{"taxonomy":"category","embeddable":true,"href":"https:\/\/cnctulua.tv\/index.php?rest_route=%2Fwp%2Fv2%2Fcategories&post=36887"},{"taxonomy":"post_tag","embeddable":true,"href":"https:\/\/cnctulua.tv\/index.php?rest_route=%2Fwp%2Fv2%2Ftags&post=36887"}],"curies":[{"name":"wp","href":"https:\/\/api.w.org\/{rel}","templated":true}]}}