{"id":36900,"date":"2025-09-04T16:47:28","date_gmt":"2025-09-04T16:47:28","guid":{"rendered":"https:\/\/cnctulua.tv\/?p=36900"},"modified":"2025-09-04T16:47:28","modified_gmt":"2025-09-04T16:47:28","slug":"capturado-alias-pipe-por-homicidio-en-tulua-crimen-ocurrido-en-prados-del-norte","status":"publish","type":"post","link":"https:\/\/cnctulua.tv\/?p=36900","title":{"rendered":"Capturado alias \u201cPipe\u201d por homicidio en Tulu\u00e1: crimen ocurrido en Prados del Norte"},"content":{"rendered":"\n<p>La Polic\u00eda Nacional, en coordinaci\u00f3n con la Fiscal\u00eda General de la Naci\u00f3n, captur\u00f3 a alias \u201cPipe\u201d, un joven de 20 a\u00f1os se\u00f1alado de homicidio en el municipio de Tulu\u00e1.<\/p>\n\n\n\n<figure class=\"wp-block-embed is-type-video is-provider-youtube wp-block-embed-youtube wp-embed-aspect-16-9 wp-has-aspect-ratio\"><div class=\"wp-block-embed__wrapper\">\n<iframe loading=\"lazy\" title=\"\ud83d\ude94 Capturan a alias \u201cPipe\u201d en Tulu\u00e1 por homicidio ocurrido en Prados del Norte.\" width=\"640\" height=\"360\" src=\"https:\/\/www.youtube.com\/embed\/nAsF46e2q3k?feature=oembed\" frameborder=\"0\" allow=\"accelerometer; autoplay; clipboard-write; encrypted-media; gyroscope; picture-in-picture; web-share\" referrerpolicy=\"strict-origin-when-cross-origin\" allowfullscreen><\/iframe>\n<\/div><\/figure>\n\n\n\n<p>La detenci\u00f3n se llev\u00f3 a cabo en el barrio Centro, tras la orden judicial emitida por el crimen de Carlos Esteban Rodr\u00edguez Carabal\u00ed, de 27 a\u00f1os, ocurrido el 26 de febrero de 2025 dentro de una vivienda en el barrio Prados del Norte.<\/p>\n\n\n\n<p>Las investigaciones adelantadas por la Seccional de Investigaci\u00f3n Criminal (SIJIN) con apoyo del CTI permitieron reunir pruebas y elementos materiales que comprometieron al detenido en el hecho.<\/p>\n\n\n\n<p>Alias \u201cPipe\u201d fue presentado ante un juez de control de garant\u00edas, quien dict\u00f3 medida de aseguramiento intramural en centro carcelario.<\/p>\n\n\n\n<p>La Polic\u00eda Nacional reafirm\u00f3 que continuar\u00e1 trabajando de manera articulada con la Fiscal\u00eda en operativos de investigaci\u00f3n y captura, con el fin de garantizar la seguridad y la justicia en el Valle del Cauca.<\/p>\n","protected":false},"excerpt":{"rendered":"<p>La Polic\u00eda Nacional, en coordinaci\u00f3n con la Fiscal\u00eda General de la Naci\u00f3n, captur\u00f3 a alias \u201cPipe\u201d, un joven de 20 a\u00f1os se\u00f1alado de homicidio en el municipio de Tulu\u00e1. La detenci\u00f3n se llev\u00f3 a cabo en el barrio Centro, tras la orden judicial emitida por el crimen de Carlos Esteban Rodr\u00edguez Carabal\u00ed, de 27 a\u00f1os, [&hellip;]<\/p>\n","protected":false},"author":3,"featured_media":36916,"comment_status":"open","ping_status":"open","sticky":false,"template":"","format":"video","meta":{"footnotes":""},"categories":[10,1515],"tags":[],"class_list":["post-36900","post","type-post","status-publish","format-video","has-post-thumbnail","hentry","category-cnc-noticias-tulua","category-cnc-tulua","post_format-post-format-video"],"_links":{"self":[{"href":"https:\/\/cnctulua.tv\/index.php?rest_route=\/wp\/v2\/posts\/36900","targetHints":{"allow":["GET"]}}],"collection":[{"href":"https:\/\/cnctulua.tv\/index.php?rest_route=\/wp\/v2\/posts"}],"about":[{"href":"https:\/\/cnctulua.tv\/index.php?rest_route=\/wp\/v2\/types\/post"}],"author":[{"embeddable":true,"href":"https:\/\/cnctulua.tv\/index.php?rest_route=\/wp\/v2\/users\/3"}],"replies":[{"embeddable":true,"href":"https:\/\/cnctulua.tv\/index.php?rest_route=%2Fwp%2Fv2%2Fcomments&post=36900"}],"version-history":[{"count":1,"href":"https:\/\/cnctulua.tv\/index.php?rest_route=\/wp\/v2\/posts\/36900\/revisions"}],"predecessor-version":[{"id":36918,"href":"https:\/\/cnctulua.tv\/index.php?rest_route=\/wp\/v2\/posts\/36900\/revisions\/36918"}],"wp:featuredmedia":[{"embeddable":true,"href":"https:\/\/cnctulua.tv\/index.php?rest_route=\/wp\/v2\/media\/36916"}],"wp:attachment":[{"href":"https:\/\/cnctulua.tv\/index.php?rest_route=%2Fwp%2Fv2%2Fmedia&parent=36900"}],"wp:term":[{"taxonomy":"category","embeddable":true,"href":"https:\/\/cnctulua.tv\/index.php?rest_route=%2Fwp%2Fv2%2Fcategories&post=36900"},{"taxonomy":"post_tag","embeddable":true,"href":"https:\/\/cnctulua.tv\/index.php?rest_route=%2Fwp%2Fv2%2Ftags&post=36900"}],"curies":[{"name":"wp","href":"https:\/\/api.w.org\/{rel}","templated":true}]}}