{"id":36902,"date":"2025-09-04T17:31:54","date_gmt":"2025-09-04T17:31:54","guid":{"rendered":"https:\/\/cnctulua.tv\/?p=36902"},"modified":"2025-09-04T17:31:54","modified_gmt":"2025-09-04T17:31:54","slug":"socializan-obras-en-la-marina-parque-renovado-e-iluminacion-vial","status":"publish","type":"post","link":"https:\/\/cnctulua.tv\/?p=36902","title":{"rendered":"Socializan obras en La Marina: parque renovado e iluminaci\u00f3n vial."},"content":{"rendered":"\n<p>La Administraci\u00f3n Municipal de Tulu\u00e1 adelant\u00f3 una jornada de socializaci\u00f3n con la comunidad del corregimiento de La Marina y sectores aleda\u00f1os como El Brasil, El Bergel y La Iberia, con el objetivo de presentar los proyectos de infraestructura que se ejecutar\u00e1n en la zona.<\/p>\n\n\n\n<figure class=\"wp-block-embed is-type-video is-provider-youtube wp-block-embed-youtube wp-embed-aspect-16-9 wp-has-aspect-ratio\"><div class=\"wp-block-embed__wrapper\">\n<iframe loading=\"lazy\" title=\"La Marina tendr\u00e1 parque renovado e iluminaci\u00f3n en la v\u00eda Tulu\u00e1\u2013La Iberia. \ud83c\udf33\ud83d\udca1\" width=\"640\" height=\"360\" src=\"https:\/\/www.youtube.com\/embed\/RznsMv4Q768?feature=oembed\" frameborder=\"0\" allow=\"accelerometer; autoplay; clipboard-write; encrypted-media; gyroscope; picture-in-picture; web-share\" referrerpolicy=\"strict-origin-when-cross-origin\" allowfullscreen><\/iframe>\n<\/div><\/figure>\n\n\n\n<p>El parque principal de La Marina ser\u00e1 objeto de embellecimiento, con la construcci\u00f3n de andenes perimetrales y la modernizaci\u00f3n de los juegos infantiles. La iniciativa busca ofrecer espacios seguros y de integraci\u00f3n para las familias del corregimiento.<\/p>\n\n\n\n<p>Paralelamente, se inform\u00f3 sobre el proyecto de iluminaci\u00f3n de la v\u00eda Tulu\u00e1\u2013La Iberia, que contempla la instalaci\u00f3n de 80 luminarias LED a lo largo de 7 kil\u00f3metros, desde el Puente de la Cruz hasta el cruce de La Iberia. Esta intervenci\u00f3n mejorar\u00e1 de manera significativa la movilidad y la seguridad vial.<\/p>\n\n\n\n<p>Con estas acciones, la Administraci\u00f3n Municipal espera fortalecer la calidad de vida en la zona rural del municipio.<\/p>\n","protected":false},"excerpt":{"rendered":"<p>La Administraci\u00f3n Municipal de Tulu\u00e1 adelant\u00f3 una jornada de socializaci\u00f3n con la comunidad del corregimiento de La Marina y sectores aleda\u00f1os como El Brasil, El Bergel y La Iberia, con el objetivo de presentar los proyectos de infraestructura que se ejecutar\u00e1n en la zona. El parque principal de La Marina ser\u00e1 objeto de embellecimiento, con [&hellip;]<\/p>\n","protected":false},"author":3,"featured_media":36923,"comment_status":"open","ping_status":"open","sticky":false,"template":"","format":"video","meta":{"footnotes":""},"categories":[10,1515],"tags":[],"class_list":["post-36902","post","type-post","status-publish","format-video","has-post-thumbnail","hentry","category-cnc-noticias-tulua","category-cnc-tulua","post_format-post-format-video"],"_links":{"self":[{"href":"https:\/\/cnctulua.tv\/index.php?rest_route=\/wp\/v2\/posts\/36902","targetHints":{"allow":["GET"]}}],"collection":[{"href":"https:\/\/cnctulua.tv\/index.php?rest_route=\/wp\/v2\/posts"}],"about":[{"href":"https:\/\/cnctulua.tv\/index.php?rest_route=\/wp\/v2\/types\/post"}],"author":[{"embeddable":true,"href":"https:\/\/cnctulua.tv\/index.php?rest_route=\/wp\/v2\/users\/3"}],"replies":[{"embeddable":true,"href":"https:\/\/cnctulua.tv\/index.php?rest_route=%2Fwp%2Fv2%2Fcomments&post=36902"}],"version-history":[{"count":1,"href":"https:\/\/cnctulua.tv\/index.php?rest_route=\/wp\/v2\/posts\/36902\/revisions"}],"predecessor-version":[{"id":36925,"href":"https:\/\/cnctulua.tv\/index.php?rest_route=\/wp\/v2\/posts\/36902\/revisions\/36925"}],"wp:featuredmedia":[{"embeddable":true,"href":"https:\/\/cnctulua.tv\/index.php?rest_route=\/wp\/v2\/media\/36923"}],"wp:attachment":[{"href":"https:\/\/cnctulua.tv\/index.php?rest_route=%2Fwp%2Fv2%2Fmedia&parent=36902"}],"wp:term":[{"taxonomy":"category","embeddable":true,"href":"https:\/\/cnctulua.tv\/index.php?rest_route=%2Fwp%2Fv2%2Fcategories&post=36902"},{"taxonomy":"post_tag","embeddable":true,"href":"https:\/\/cnctulua.tv\/index.php?rest_route=%2Fwp%2Fv2%2Ftags&post=36902"}],"curies":[{"name":"wp","href":"https:\/\/api.w.org\/{rel}","templated":true}]}}