{"id":36903,"date":"2025-09-04T17:53:22","date_gmt":"2025-09-04T17:53:22","guid":{"rendered":"https:\/\/cnctulua.tv\/?p=36903"},"modified":"2025-09-04T17:53:22","modified_gmt":"2025-09-04T17:53:22","slug":"alcaldia-de-tulua-capacita-a-camareros-y-camareras-del-sector-hotelero","status":"publish","type":"post","link":"https:\/\/cnctulua.tv\/?p=36903","title":{"rendered":"Alcald\u00eda de Tulu\u00e1 capacita a camareros y camareras del sector hotelero"},"content":{"rendered":"\n<p>Con la participaci\u00f3n de 39 personas de 17 hoteles de la zona urbana y rural, la Alcald\u00eda Municipal, en convenio con Cotelco Regional Valle y la C\u00e1mara de Comercio de Tulu\u00e1, dio inicio a la primera capacitaci\u00f3n gratuita para camareras y camareros de piso del sector de alojamiento.<\/p>\n\n\n\n<figure class=\"wp-block-embed is-type-video is-provider-youtube wp-block-embed-youtube wp-embed-aspect-16-9 wp-has-aspect-ratio\"><div class=\"wp-block-embed__wrapper\">\n<iframe loading=\"lazy\" title=\"\ud83c\udfa5 Tulu\u00e1 fortalece el turismo con capacitaci\u00f3n hotelera. \ud83c\udfe8\u2728\" width=\"640\" height=\"360\" src=\"https:\/\/www.youtube.com\/embed\/UP4OA2IPAnY?feature=oembed\" frameborder=\"0\" allow=\"accelerometer; autoplay; clipboard-write; encrypted-media; gyroscope; picture-in-picture; web-share\" referrerpolicy=\"strict-origin-when-cross-origin\" allowfullscreen><\/iframe>\n<\/div><\/figure>\n\n\n\n<p>El taller, liderado por profesionales de Cotelco provenientes de Cali, busca fortalecer la calidad en el servicio, entregando herramientas pr\u00e1cticas para el adecuado mantenimiento de habitaciones y una mejor atenci\u00f3n a los visitantes.<\/p>\n\n\n\n<figure class=\"wp-block-image size-large\"><img loading=\"lazy\" decoding=\"async\" width=\"1024\" height=\"576\" src=\"https:\/\/cnctulua.tv\/wp-content\/uploads\/2025\/09\/apoyos-CAPACITACION-HOTELERA-TULUA-2-1024x576.jpeg\" alt=\"\" class=\"wp-image-36927\" srcset=\"https:\/\/cnctulua.tv\/wp-content\/uploads\/2025\/09\/apoyos-CAPACITACION-HOTELERA-TULUA-2-1024x576.jpeg 1024w, https:\/\/cnctulua.tv\/wp-content\/uploads\/2025\/09\/apoyos-CAPACITACION-HOTELERA-TULUA-2-300x169.jpeg 300w, https:\/\/cnctulua.tv\/wp-content\/uploads\/2025\/09\/apoyos-CAPACITACION-HOTELERA-TULUA-2-768x432.jpeg 768w, https:\/\/cnctulua.tv\/wp-content\/uploads\/2025\/09\/apoyos-CAPACITACION-HOTELERA-TULUA-2-1536x864.jpeg 1536w, https:\/\/cnctulua.tv\/wp-content\/uploads\/2025\/09\/apoyos-CAPACITACION-HOTELERA-TULUA-2.jpeg 1600w\" sizes=\"auto, (max-width: 1024px) 100vw, 1024px\" \/><\/figure>\n\n\n\n<p>La convocatoria se realiz\u00f3 a todos los hoteles registrados en la C\u00e1mara de Comercio, logrando una respuesta positiva de establecimientos interesados en fortalecer su competitividad.<\/p>\n\n\n\n<p>\u201cCon estas actividades seguimos fortaleciendo el sector tur\u00edstico de Tulu\u00e1, trabajando por la calidad en la atenci\u00f3n y garantizando que cada visitante que llegue a nuestra ciudad se sienta bien recibido\u201d, destac\u00f3 funcionaria de la Administraci\u00f3n Municipal.<\/p>\n\n\n\n<p>Estas capacitaciones continuar\u00e1n desarroll\u00e1ndose con nuevos temas y niveles de profundizaci\u00f3n, seg\u00fan las necesidades expresadas por los asistentes.<\/p>\n","protected":false},"excerpt":{"rendered":"<p>Con la participaci\u00f3n de 39 personas de 17 hoteles de la zona urbana y rural, la Alcald\u00eda Municipal, en convenio con Cotelco Regional Valle y la C\u00e1mara de Comercio de Tulu\u00e1, dio inicio a la primera capacitaci\u00f3n gratuita para camareras y camareros de piso del sector de alojamiento. El taller, liderado por profesionales de Cotelco [&hellip;]<\/p>\n","protected":false},"author":3,"featured_media":36926,"comment_status":"open","ping_status":"open","sticky":false,"template":"","format":"video","meta":{"footnotes":""},"categories":[10,1515],"tags":[],"class_list":["post-36903","post","type-post","status-publish","format-video","has-post-thumbnail","hentry","category-cnc-noticias-tulua","category-cnc-tulua","post_format-post-format-video"],"_links":{"self":[{"href":"https:\/\/cnctulua.tv\/index.php?rest_route=\/wp\/v2\/posts\/36903","targetHints":{"allow":["GET"]}}],"collection":[{"href":"https:\/\/cnctulua.tv\/index.php?rest_route=\/wp\/v2\/posts"}],"about":[{"href":"https:\/\/cnctulua.tv\/index.php?rest_route=\/wp\/v2\/types\/post"}],"author":[{"embeddable":true,"href":"https:\/\/cnctulua.tv\/index.php?rest_route=\/wp\/v2\/users\/3"}],"replies":[{"embeddable":true,"href":"https:\/\/cnctulua.tv\/index.php?rest_route=%2Fwp%2Fv2%2Fcomments&post=36903"}],"version-history":[{"count":1,"href":"https:\/\/cnctulua.tv\/index.php?rest_route=\/wp\/v2\/posts\/36903\/revisions"}],"predecessor-version":[{"id":36928,"href":"https:\/\/cnctulua.tv\/index.php?rest_route=\/wp\/v2\/posts\/36903\/revisions\/36928"}],"wp:featuredmedia":[{"embeddable":true,"href":"https:\/\/cnctulua.tv\/index.php?rest_route=\/wp\/v2\/media\/36926"}],"wp:attachment":[{"href":"https:\/\/cnctulua.tv\/index.php?rest_route=%2Fwp%2Fv2%2Fmedia&parent=36903"}],"wp:term":[{"taxonomy":"category","embeddable":true,"href":"https:\/\/cnctulua.tv\/index.php?rest_route=%2Fwp%2Fv2%2Fcategories&post=36903"},{"taxonomy":"post_tag","embeddable":true,"href":"https:\/\/cnctulua.tv\/index.php?rest_route=%2Fwp%2Fv2%2Ftags&post=36903"}],"curies":[{"name":"wp","href":"https:\/\/api.w.org\/{rel}","templated":true}]}}