{"id":36904,"date":"2025-09-04T18:21:44","date_gmt":"2025-09-04T18:21:44","guid":{"rendered":"https:\/\/cnctulua.tv\/?p=36904"},"modified":"2025-09-04T18:21:44","modified_gmt":"2025-09-04T18:21:44","slug":"abren-convocatoria-para-prestar-servicio-militar-en-la-policia-nacional-en-valle-del-cauca","status":"publish","type":"post","link":"https:\/\/cnctulua.tv\/?p=36904","title":{"rendered":"Abren convocatoria para prestar servicio militar en la Polic\u00eda Nacional en Valle del Cauca."},"content":{"rendered":"\n<p>La Polic\u00eda Nacional habilit\u00f3 en el Valle del Cauca el proceso de incorporaci\u00f3n para j\u00f3venes que deseen prestar su servicio militar en la instituci\u00f3n.<\/p>\n\n\n\n<figure class=\"wp-block-embed is-type-video is-provider-youtube wp-block-embed-youtube wp-embed-aspect-16-9 wp-has-aspect-ratio\"><div class=\"wp-block-embed__wrapper\">\n<iframe loading=\"lazy\" title=\"\ud83d\udc6e\u200d\u2642\ufe0f\ud83d\udce2 \u00a1Convocatoria Polic\u00eda Nacional 2025: Auxiliares y Oficiales!\" width=\"640\" height=\"360\" src=\"https:\/\/www.youtube.com\/embed\/0ifRA4u0TJo?feature=oembed\" frameborder=\"0\" allow=\"accelerometer; autoplay; clipboard-write; encrypted-media; gyroscope; picture-in-picture; web-share\" referrerpolicy=\"strict-origin-when-cross-origin\" allowfullscreen><\/iframe>\n<\/div><\/figure>\n\n\n\n<p>De acuerdo con la capit\u00e1n Johana Andrea Murillo Mej\u00eda, jefe del grupo de incorporaci\u00f3n en el departamento, los auxiliares recibir\u00e1n una bonificaci\u00f3n mensual de $1.796.000. \u201cAquellos j\u00f3venes que sean bachilleres o no bachilleres y que deseen materializar su proyecto de vida con la Polic\u00eda Nacional, esta es una excelente oportunidad\u201d, asegur\u00f3 la oficial.<\/p>\n\n\n\n<figure class=\"wp-block-image size-large\"><img loading=\"lazy\" decoding=\"async\" width=\"1024\" height=\"543\" src=\"https:\/\/cnctulua.tv\/wp-content\/uploads\/2025\/09\/INCOPORACI-1024x543.png\" alt=\"\" class=\"wp-image-36930\" srcset=\"https:\/\/cnctulua.tv\/wp-content\/uploads\/2025\/09\/INCOPORACI-1024x543.png 1024w, https:\/\/cnctulua.tv\/wp-content\/uploads\/2025\/09\/INCOPORACI-300x159.png 300w, https:\/\/cnctulua.tv\/wp-content\/uploads\/2025\/09\/INCOPORACI-768x407.png 768w, https:\/\/cnctulua.tv\/wp-content\/uploads\/2025\/09\/INCOPORACI.png 1038w\" sizes=\"auto, (max-width: 1024px) 100vw, 1024px\" \/><\/figure>\n\n\n\n<p>Los requisitos para aplicar incluyen:<\/p>\n\n\n\n<p>Tener entre 18 y 23 a\u00f1os y 364 d\u00edas.<\/p>\n\n\n\n<p>Presentar fotocopia de c\u00e9dula de ciudadan\u00eda propia y de los padres.<\/p>\n\n\n\n<p>Registro civil de nacimiento.<\/p>\n\n\n\n<p>Certificados acad\u00e9micos correspondientes.<\/p>\n\n\n\n<p>El curso de formaci\u00f3n dura dos meses y medio y comenzar\u00e1 el pr\u00f3ximo 20 de noviembre. El proceso de inscripci\u00f3n, valoraciones m\u00e9dicas, odontol\u00f3gicas y psicol\u00f3gicas son totalmente gratuitos.<\/p>\n\n\n\n<p>Adem\u00e1s de Tulu\u00e1, la Polic\u00eda realiza inscripciones en municipios como Cartago, Sevilla y Buga para facilitar el acceso a m\u00e1s j\u00f3venes.<\/p>\n\n\n\n<p>Finalmente, se record\u00f3 que hasta el 18 de septiembre estar\u00e1n abiertas las convocatorias para quienes quieran ingresar al nivel directivo y oficial de la instituci\u00f3n.<\/p>\n","protected":false},"excerpt":{"rendered":"<p>La Polic\u00eda Nacional habilit\u00f3 en el Valle del Cauca el proceso de incorporaci\u00f3n para j\u00f3venes que deseen prestar su servicio militar en la instituci\u00f3n. De acuerdo con la capit\u00e1n Johana Andrea Murillo Mej\u00eda, jefe del grupo de incorporaci\u00f3n en el departamento, los auxiliares recibir\u00e1n una bonificaci\u00f3n mensual de $1.796.000. \u201cAquellos j\u00f3venes que sean bachilleres o [&hellip;]<\/p>\n","protected":false},"author":3,"featured_media":36929,"comment_status":"open","ping_status":"open","sticky":false,"template":"","format":"video","meta":{"footnotes":""},"categories":[10,1515],"tags":[],"class_list":["post-36904","post","type-post","status-publish","format-video","has-post-thumbnail","hentry","category-cnc-noticias-tulua","category-cnc-tulua","post_format-post-format-video"],"_links":{"self":[{"href":"https:\/\/cnctulua.tv\/index.php?rest_route=\/wp\/v2\/posts\/36904","targetHints":{"allow":["GET"]}}],"collection":[{"href":"https:\/\/cnctulua.tv\/index.php?rest_route=\/wp\/v2\/posts"}],"about":[{"href":"https:\/\/cnctulua.tv\/index.php?rest_route=\/wp\/v2\/types\/post"}],"author":[{"embeddable":true,"href":"https:\/\/cnctulua.tv\/index.php?rest_route=\/wp\/v2\/users\/3"}],"replies":[{"embeddable":true,"href":"https:\/\/cnctulua.tv\/index.php?rest_route=%2Fwp%2Fv2%2Fcomments&post=36904"}],"version-history":[{"count":1,"href":"https:\/\/cnctulua.tv\/index.php?rest_route=\/wp\/v2\/posts\/36904\/revisions"}],"predecessor-version":[{"id":36931,"href":"https:\/\/cnctulua.tv\/index.php?rest_route=\/wp\/v2\/posts\/36904\/revisions\/36931"}],"wp:featuredmedia":[{"embeddable":true,"href":"https:\/\/cnctulua.tv\/index.php?rest_route=\/wp\/v2\/media\/36929"}],"wp:attachment":[{"href":"https:\/\/cnctulua.tv\/index.php?rest_route=%2Fwp%2Fv2%2Fmedia&parent=36904"}],"wp:term":[{"taxonomy":"category","embeddable":true,"href":"https:\/\/cnctulua.tv\/index.php?rest_route=%2Fwp%2Fv2%2Fcategories&post=36904"},{"taxonomy":"post_tag","embeddable":true,"href":"https:\/\/cnctulua.tv\/index.php?rest_route=%2Fwp%2Fv2%2Ftags&post=36904"}],"curies":[{"name":"wp","href":"https:\/\/api.w.org\/{rel}","templated":true}]}}