{"id":36907,"date":"2025-09-04T18:45:16","date_gmt":"2025-09-04T18:45:16","guid":{"rendered":"https:\/\/cnctulua.tv\/?p=36907"},"modified":"2025-09-04T18:45:16","modified_gmt":"2025-09-04T18:45:16","slug":"juan-jose-arevalo-debuto-en-categoria-prejuvenil-de-juegos-intercolegiados","status":"publish","type":"post","link":"https:\/\/cnctulua.tv\/?p=36907","title":{"rendered":"Juan Jos\u00e9 Ar\u00e9valo debut\u00f3 en categor\u00eda prejuvenil de Juegos Intercolegiados."},"content":{"rendered":"\n<p>El atleta tulue\u00f1o Juan Jos\u00e9 Ar\u00e9valo tuvo su primera participaci\u00f3n en la categor\u00eda prejuvenil de los Juegos Intercolegiados Departamentales, donde compiti\u00f3 en las pruebas de 800 metros planos y 150 metros.<\/p>\n\n\n\n<figure class=\"wp-block-embed is-type-video is-provider-youtube wp-block-embed-youtube wp-embed-aspect-16-9 wp-has-aspect-ratio\"><div class=\"wp-block-embed__wrapper\">\n<iframe loading=\"lazy\" title=\"\ud83c\udfc3\u200d\u2642\ufe0f\ud83d\udcaa El atlteta Juan Jos\u00e9 Ar\u00e9valo debut\u00f3 en los juegos intercolegiados.\" width=\"640\" height=\"360\" src=\"https:\/\/www.youtube.com\/embed\/UqfDXjh4v7o?feature=oembed\" frameborder=\"0\" allow=\"accelerometer; autoplay; clipboard-write; encrypted-media; gyroscope; picture-in-picture; web-share\" referrerpolicy=\"strict-origin-when-cross-origin\" allowfullscreen><\/iframe>\n<\/div><\/figure>\n\n\n\n<p>Aunque enfrent\u00f3 a rivales con mayor recorrido en el atletismo, Ar\u00e9valo asegur\u00f3 que fue una experiencia enriquecedora para ganar confianza y medir su nivel competitivo.<\/p>\n\n\n\n<p>\u00abFue una experiencia muy ch\u00e9vere, muy alegre, el saber que es competir contra gente que no hab\u00eda enfrentado porque acabo de subir a la categor\u00eda prejuvenil. Me sent\u00ed bien con las marcas que hice y de aqu\u00ed en adelante me veo compitiendo, llegando m\u00e1s lejos y con todas las ganas de mejorar\u00bb, destac\u00f3 el joven deportista.<\/p>\n\n\n\n<p>Con este debut, Ar\u00e9valo da sus primeros pasos en el atletismo escolar y proyecta seguir entrenando para alcanzar mejores resultados en futuras competencias.<\/p>\n","protected":false},"excerpt":{"rendered":"<p>El atleta tulue\u00f1o Juan Jos\u00e9 Ar\u00e9valo tuvo su primera participaci\u00f3n en la categor\u00eda prejuvenil de los Juegos Intercolegiados Departamentales, donde compiti\u00f3 en las pruebas de 800 metros planos y 150 metros. Aunque enfrent\u00f3 a rivales con mayor recorrido en el atletismo, Ar\u00e9valo asegur\u00f3 que fue una experiencia enriquecedora para ganar confianza y medir su nivel [&hellip;]<\/p>\n","protected":false},"author":3,"featured_media":36938,"comment_status":"open","ping_status":"open","sticky":false,"template":"","format":"video","meta":{"footnotes":""},"categories":[1],"tags":[],"class_list":["post-36907","post","type-post","status-publish","format-video","has-post-thumbnail","hentry","category-uncategorized","post_format-post-format-video"],"_links":{"self":[{"href":"https:\/\/cnctulua.tv\/index.php?rest_route=\/wp\/v2\/posts\/36907","targetHints":{"allow":["GET"]}}],"collection":[{"href":"https:\/\/cnctulua.tv\/index.php?rest_route=\/wp\/v2\/posts"}],"about":[{"href":"https:\/\/cnctulua.tv\/index.php?rest_route=\/wp\/v2\/types\/post"}],"author":[{"embeddable":true,"href":"https:\/\/cnctulua.tv\/index.php?rest_route=\/wp\/v2\/users\/3"}],"replies":[{"embeddable":true,"href":"https:\/\/cnctulua.tv\/index.php?rest_route=%2Fwp%2Fv2%2Fcomments&post=36907"}],"version-history":[{"count":1,"href":"https:\/\/cnctulua.tv\/index.php?rest_route=\/wp\/v2\/posts\/36907\/revisions"}],"predecessor-version":[{"id":36939,"href":"https:\/\/cnctulua.tv\/index.php?rest_route=\/wp\/v2\/posts\/36907\/revisions\/36939"}],"wp:featuredmedia":[{"embeddable":true,"href":"https:\/\/cnctulua.tv\/index.php?rest_route=\/wp\/v2\/media\/36938"}],"wp:attachment":[{"href":"https:\/\/cnctulua.tv\/index.php?rest_route=%2Fwp%2Fv2%2Fmedia&parent=36907"}],"wp:term":[{"taxonomy":"category","embeddable":true,"href":"https:\/\/cnctulua.tv\/index.php?rest_route=%2Fwp%2Fv2%2Fcategories&post=36907"},{"taxonomy":"post_tag","embeddable":true,"href":"https:\/\/cnctulua.tv\/index.php?rest_route=%2Fwp%2Fv2%2Ftags&post=36907"}],"curies":[{"name":"wp","href":"https:\/\/api.w.org\/{rel}","templated":true}]}}