{"id":36955,"date":"2025-09-05T18:55:09","date_gmt":"2025-09-05T18:55:09","guid":{"rendered":"https:\/\/cnctulua.tv\/?p=36955"},"modified":"2025-09-05T18:56:02","modified_gmt":"2025-09-05T18:56:02","slug":"gobernacion-del-valle-lanza-mes-por-la-paz-con-actividades-en-todo-el-departamento","status":"publish","type":"post","link":"https:\/\/cnctulua.tv\/?p=36955","title":{"rendered":"Gobernaci\u00f3n del Valle lanza Mes por la Paz con actividades en todo el departamento."},"content":{"rendered":"\n<p>El Valle del Cauca ampl\u00eda la tradicional Semana por la Paz a un Mes por la Paz, que este a\u00f1o se desarrollar\u00e1 bajo el lema \u201cArropando la Vida con Dignidad\u201d. La iniciativa busca fortalecer la construcci\u00f3n de paz en el territorio mediante una agenda que integra actividades culturales, acad\u00e9micas, deportivas y acciones simb\u00f3licas durante septiembre.<\/p>\n\n\n\n<figure class=\"wp-block-embed is-provider-youtube wp-block-embed-youtube\"><div class=\"wp-block-embed__wrapper\">\nhttps:\/\/youtu.be\/D0N8X4uzXIg\n<\/div><\/figure>\n\n\n\n<p>Mar\u00eda Camila Mantilla, secretaria de Paz del Valle, explic\u00f3 que la articulaci\u00f3n entre sociedad civil, academia, sector privado e instituciones p\u00fablicas es fundamental para consolidar este prop\u00f3sito: \u201cEste mes ser\u00e1 un c\u00famulo de escenarios que nos permitir\u00e1n seguir construyendo redes y tejidos en torno a la paz\u201d, se\u00f1al\u00f3.<\/p>\n\n\n\n<p>En la programaci\u00f3n destacan dos eventos: el 6 de septiembre se realizar\u00e1 en la Comuna 20 el encuentro deportivo \u201cJu\u00e9gate por la Paz\u201d, mientras que el 27 de septiembre tendr\u00e1 lugar la segunda edici\u00f3n del Comadreo de la Paz en la plazoleta Jairo Varela, con enfoque de g\u00e9nero y participaci\u00f3n de mujeres firmantes del Acuerdo de Paz, v\u00edctimas y comunidades organizadas.<\/p>\n\n\n\n<p>La Gobernaci\u00f3n invita a la ciudadan\u00eda a acompa\u00f1ar estos espacios y a consultar la agenda completa en las redes sociales de la Secretar\u00eda de Paz y de la administraci\u00f3n departamental.<\/p>\n","protected":false},"excerpt":{"rendered":"<p>El Valle del Cauca ampl\u00eda la tradicional Semana por la Paz a un Mes por la Paz, que este a\u00f1o se desarrollar\u00e1 bajo el lema \u201cArropando la Vida con Dignidad\u201d. La iniciativa busca fortalecer la construcci\u00f3n de paz en el territorio mediante una agenda que integra actividades culturales, acad\u00e9micas, deportivas y acciones simb\u00f3licas durante septiembre. [&hellip;]<\/p>\n","protected":false},"author":3,"featured_media":36991,"comment_status":"open","ping_status":"open","sticky":false,"template":"","format":"video","meta":{"footnotes":""},"categories":[1],"tags":[],"class_list":["post-36955","post","type-post","status-publish","format-video","has-post-thumbnail","hentry","category-uncategorized","post_format-post-format-video"],"_links":{"self":[{"href":"https:\/\/cnctulua.tv\/index.php?rest_route=\/wp\/v2\/posts\/36955","targetHints":{"allow":["GET"]}}],"collection":[{"href":"https:\/\/cnctulua.tv\/index.php?rest_route=\/wp\/v2\/posts"}],"about":[{"href":"https:\/\/cnctulua.tv\/index.php?rest_route=\/wp\/v2\/types\/post"}],"author":[{"embeddable":true,"href":"https:\/\/cnctulua.tv\/index.php?rest_route=\/wp\/v2\/users\/3"}],"replies":[{"embeddable":true,"href":"https:\/\/cnctulua.tv\/index.php?rest_route=%2Fwp%2Fv2%2Fcomments&post=36955"}],"version-history":[{"count":1,"href":"https:\/\/cnctulua.tv\/index.php?rest_route=\/wp\/v2\/posts\/36955\/revisions"}],"predecessor-version":[{"id":36992,"href":"https:\/\/cnctulua.tv\/index.php?rest_route=\/wp\/v2\/posts\/36955\/revisions\/36992"}],"wp:featuredmedia":[{"embeddable":true,"href":"https:\/\/cnctulua.tv\/index.php?rest_route=\/wp\/v2\/media\/36991"}],"wp:attachment":[{"href":"https:\/\/cnctulua.tv\/index.php?rest_route=%2Fwp%2Fv2%2Fmedia&parent=36955"}],"wp:term":[{"taxonomy":"category","embeddable":true,"href":"https:\/\/cnctulua.tv\/index.php?rest_route=%2Fwp%2Fv2%2Fcategories&post=36955"},{"taxonomy":"post_tag","embeddable":true,"href":"https:\/\/cnctulua.tv\/index.php?rest_route=%2Fwp%2Fv2%2Ftags&post=36955"}],"curies":[{"name":"wp","href":"https:\/\/api.w.org\/{rel}","templated":true}]}}