{"id":36980,"date":"2025-09-05T18:30:33","date_gmt":"2025-09-05T18:30:33","guid":{"rendered":"https:\/\/cnctulua.tv\/?p=36980"},"modified":"2025-09-05T18:30:33","modified_gmt":"2025-09-05T18:30:33","slug":"equino-atropellado-en-tulua-genera-proceso-por-presunto-maltrato-animal","status":"publish","type":"post","link":"https:\/\/cnctulua.tv\/?p=36980","title":{"rendered":"Equino atropellado en Tulu\u00e1 genera proceso por presunto maltrato animal."},"content":{"rendered":"\n<p>En Tulu\u00e1, un accidente de tr\u00e1nsito involucr\u00f3 a un equino que deambulaba en inmediaciones del estadio municipal. El animal fue impactado por un veh\u00edculo y sufri\u00f3 lesiones graves.<\/p>\n\n\n\n<figure class=\"wp-block-video\"><\/figure>\n\n\n\n<p>El caso fue atendido por la Secretar\u00eda de Gobierno, el equipo de Bienestar Animal, la Polic\u00eda de Carabineros y un inspector de polic\u00eda, quienes realizaron la valoraci\u00f3n veterinaria y procedieron a la incautaci\u00f3n de otros dos caballos que acompa\u00f1aban al herido.<\/p>\n\n\n\n<figure class=\"wp-block-embed is-type-video is-provider-youtube wp-block-embed-youtube wp-embed-aspect-16-9 wp-has-aspect-ratio\"><div class=\"wp-block-embed__wrapper\">\n<iframe loading=\"lazy\" title=\"\ud83d\udea8 Accidente en Tulu\u00e1: caballo herido tras ser atropellado cerca del estadio municipal. \ud83d\udc34\u26a0\ufe0f\" width=\"640\" height=\"360\" src=\"https:\/\/www.youtube.com\/embed\/HFp3CQAq8T8?feature=oembed\" frameborder=\"0\" allow=\"accelerometer; autoplay; clipboard-write; encrypted-media; gyroscope; picture-in-picture; web-share\" referrerpolicy=\"strict-origin-when-cross-origin\" allowfullscreen><\/iframe>\n<\/div><\/figure>\n\n\n\n<p>Los propietarios de los animales recibieron comparendos y enfrentan un proceso administrativo. Seg\u00fan explic\u00f3 el secretario de Gobierno, Jos\u00e9 Mart\u00edn Hincapi\u00e9 \u00c1lvarez, la situaci\u00f3n podr\u00eda derivar en una conducta punible tipificada en el C\u00f3digo Penal como maltrato animal.<\/p>\n\n\n\n<p>El funcionario hizo un llamado a la comunidad para ejercer una tenencia responsable de animales dom\u00e9sticos y de producci\u00f3n, recordando que dejarlos en v\u00eda p\u00fablica implica riesgos tanto para la ciudadan\u00eda como para los propios ejemplares.<\/p>\n","protected":false},"excerpt":{"rendered":"<p>En Tulu\u00e1, un accidente de tr\u00e1nsito involucr\u00f3 a un equino que deambulaba en inmediaciones del estadio municipal. El animal fue impactado por un veh\u00edculo y sufri\u00f3 lesiones graves. El caso fue atendido por la Secretar\u00eda de Gobierno, el equipo de Bienestar Animal, la Polic\u00eda de Carabineros y un inspector de polic\u00eda, quienes realizaron la valoraci\u00f3n [&hellip;]<\/p>\n","protected":false},"author":3,"featured_media":36981,"comment_status":"open","ping_status":"open","sticky":false,"template":"","format":"video","meta":{"footnotes":""},"categories":[1],"tags":[],"class_list":["post-36980","post","type-post","status-publish","format-video","has-post-thumbnail","hentry","category-uncategorized","post_format-post-format-video"],"_links":{"self":[{"href":"https:\/\/cnctulua.tv\/index.php?rest_route=\/wp\/v2\/posts\/36980","targetHints":{"allow":["GET"]}}],"collection":[{"href":"https:\/\/cnctulua.tv\/index.php?rest_route=\/wp\/v2\/posts"}],"about":[{"href":"https:\/\/cnctulua.tv\/index.php?rest_route=\/wp\/v2\/types\/post"}],"author":[{"embeddable":true,"href":"https:\/\/cnctulua.tv\/index.php?rest_route=\/wp\/v2\/users\/3"}],"replies":[{"embeddable":true,"href":"https:\/\/cnctulua.tv\/index.php?rest_route=%2Fwp%2Fv2%2Fcomments&post=36980"}],"version-history":[{"count":1,"href":"https:\/\/cnctulua.tv\/index.php?rest_route=\/wp\/v2\/posts\/36980\/revisions"}],"predecessor-version":[{"id":36983,"href":"https:\/\/cnctulua.tv\/index.php?rest_route=\/wp\/v2\/posts\/36980\/revisions\/36983"}],"wp:featuredmedia":[{"embeddable":true,"href":"https:\/\/cnctulua.tv\/index.php?rest_route=\/wp\/v2\/media\/36981"}],"wp:attachment":[{"href":"https:\/\/cnctulua.tv\/index.php?rest_route=%2Fwp%2Fv2%2Fmedia&parent=36980"}],"wp:term":[{"taxonomy":"category","embeddable":true,"href":"https:\/\/cnctulua.tv\/index.php?rest_route=%2Fwp%2Fv2%2Fcategories&post=36980"},{"taxonomy":"post_tag","embeddable":true,"href":"https:\/\/cnctulua.tv\/index.php?rest_route=%2Fwp%2Fv2%2Ftags&post=36980"}],"curies":[{"name":"wp","href":"https:\/\/api.w.org\/{rel}","templated":true}]}}