{"id":37008,"date":"2025-09-08T19:14:27","date_gmt":"2025-09-08T19:14:27","guid":{"rendered":"https:\/\/cnctulua.tv\/?p=37008"},"modified":"2025-09-09T13:22:23","modified_gmt":"2025-09-09T13:22:23","slug":"festival-de-cometas-lleno-de-color-el-cielo-de-tulua","status":"publish","type":"post","link":"https:\/\/cnctulua.tv\/?p=37008","title":{"rendered":"Festival de Cometas llen\u00f3 de color el cielo de Tulu\u00e1."},"content":{"rendered":"\n<p>El pasado s\u00e1bado, la central de transportes de Tulu\u00e1 fue escenario del tradicional Festival de Cometas, un encuentro que reuni\u00f3 a familias de diferentes sectores de la ciudad.<\/p>\n\n\n\n<figure class=\"wp-block-embed is-type-video is-provider-youtube wp-block-embed-youtube wp-embed-aspect-16-9 wp-has-aspect-ratio\"><div class=\"wp-block-embed__wrapper\">\nhttps:\/\/youtu.be\/OUya049pC4A\n<\/div><\/figure>\n\n\n\n<p>Con dise\u00f1os creativos y llamativos, ni\u00f1os y adultos participaron en la elevaci\u00f3n de cometas que adornaron el cielo durante toda la jornada. M\u00e1s all\u00e1 de la competencia, el evento se convirti\u00f3 en un espacio de integraci\u00f3n y esparcimiento comunitario.<\/p>\n\n\n\n<figure class=\"wp-block-image size-large\"><img loading=\"lazy\" decoding=\"async\" width=\"1024\" height=\"683\" src=\"https:\/\/cnctulua.tv\/wp-content\/uploads\/2025\/09\/apoyos-TERMINAL-COMETAS-2025-1-1024x683.jpeg\" alt=\"\" class=\"wp-image-37040\" srcset=\"https:\/\/cnctulua.tv\/wp-content\/uploads\/2025\/09\/apoyos-TERMINAL-COMETAS-2025-1-1024x683.jpeg 1024w, https:\/\/cnctulua.tv\/wp-content\/uploads\/2025\/09\/apoyos-TERMINAL-COMETAS-2025-1-300x200.jpeg 300w, https:\/\/cnctulua.tv\/wp-content\/uploads\/2025\/09\/apoyos-TERMINAL-COMETAS-2025-1-768x512.jpeg 768w, https:\/\/cnctulua.tv\/wp-content\/uploads\/2025\/09\/apoyos-TERMINAL-COMETAS-2025-1-1536x1024.jpeg 1536w, https:\/\/cnctulua.tv\/wp-content\/uploads\/2025\/09\/apoyos-TERMINAL-COMETAS-2025-1-2048x1366.jpeg 2048w\" sizes=\"auto, (max-width: 1024px) 100vw, 1024px\" \/><\/figure>\n\n\n\n<p>Los asistentes resaltaron la organizaci\u00f3n del festival y la oportunidad de compartir un plan diferente en compa\u00f1\u00eda de familiares y amigos. La actividad se consolida como una tradici\u00f3n local que cada a\u00f1o atrae a m\u00e1s participantes.<\/p>\n","protected":false},"excerpt":{"rendered":"<p>El pasado s\u00e1bado, la central de transportes de Tulu\u00e1 fue escenario del tradicional Festival de Cometas, un encuentro que reuni\u00f3 a familias de diferentes sectores de la ciudad. Con dise\u00f1os creativos y llamativos, ni\u00f1os y adultos participaron en la elevaci\u00f3n de cometas que adornaron el cielo durante toda la jornada. M\u00e1s all\u00e1 de la competencia, [&hellip;]<\/p>\n","protected":false},"author":3,"featured_media":37039,"comment_status":"open","ping_status":"open","sticky":false,"template":"","format":"video","meta":{"footnotes":""},"categories":[10,1515],"tags":[],"class_list":["post-37008","post","type-post","status-publish","format-video","has-post-thumbnail","hentry","category-cnc-noticias-tulua","category-cnc-tulua","post_format-post-format-video"],"_links":{"self":[{"href":"https:\/\/cnctulua.tv\/index.php?rest_route=\/wp\/v2\/posts\/37008","targetHints":{"allow":["GET"]}}],"collection":[{"href":"https:\/\/cnctulua.tv\/index.php?rest_route=\/wp\/v2\/posts"}],"about":[{"href":"https:\/\/cnctulua.tv\/index.php?rest_route=\/wp\/v2\/types\/post"}],"author":[{"embeddable":true,"href":"https:\/\/cnctulua.tv\/index.php?rest_route=\/wp\/v2\/users\/3"}],"replies":[{"embeddable":true,"href":"https:\/\/cnctulua.tv\/index.php?rest_route=%2Fwp%2Fv2%2Fcomments&post=37008"}],"version-history":[{"count":2,"href":"https:\/\/cnctulua.tv\/index.php?rest_route=\/wp\/v2\/posts\/37008\/revisions"}],"predecessor-version":[{"id":37059,"href":"https:\/\/cnctulua.tv\/index.php?rest_route=\/wp\/v2\/posts\/37008\/revisions\/37059"}],"wp:featuredmedia":[{"embeddable":true,"href":"https:\/\/cnctulua.tv\/index.php?rest_route=\/wp\/v2\/media\/37039"}],"wp:attachment":[{"href":"https:\/\/cnctulua.tv\/index.php?rest_route=%2Fwp%2Fv2%2Fmedia&parent=37008"}],"wp:term":[{"taxonomy":"category","embeddable":true,"href":"https:\/\/cnctulua.tv\/index.php?rest_route=%2Fwp%2Fv2%2Fcategories&post=37008"},{"taxonomy":"post_tag","embeddable":true,"href":"https:\/\/cnctulua.tv\/index.php?rest_route=%2Fwp%2Fv2%2Ftags&post=37008"}],"curies":[{"name":"wp","href":"https:\/\/api.w.org\/{rel}","templated":true}]}}