{"id":37069,"date":"2025-09-09T15:49:02","date_gmt":"2025-09-09T15:49:02","guid":{"rendered":"https:\/\/cnctulua.tv\/?p=37069"},"modified":"2025-09-09T15:49:02","modified_gmt":"2025-09-09T15:49:02","slug":"alcaldia-de-tulua-anuncia-medidas-para-proteger-a-menores-y-la-vida-nocturna","status":"publish","type":"post","link":"https:\/\/cnctulua.tv\/?p=37069","title":{"rendered":"Alcald\u00eda de Tulu\u00e1 anuncia medidas para proteger a menores y la vida nocturna."},"content":{"rendered":"\n<p>La Administraci\u00f3n Municipal de Tulu\u00e1 adopt\u00f3 nuevas medidas preventivas con el fin de proteger a los menores de edad y preservar el orden p\u00fablico en el municipio.<\/p>\n\n\n\n<figure class=\"wp-block-embed is-type-video is-provider-youtube wp-block-embed-youtube wp-embed-aspect-16-9 wp-has-aspect-ratio\"><div class=\"wp-block-embed__wrapper\">\n<iframe loading=\"lazy\" title=\"\ud83d\udea8 En Tulu\u00e1 decretan toque de queda para menores y nuevas restricciones nocturnas.\" width=\"640\" height=\"360\" src=\"https:\/\/www.youtube.com\/embed\/Jdn9aTsqicY?feature=oembed\" frameborder=\"0\" allow=\"accelerometer; autoplay; clipboard-write; encrypted-media; gyroscope; picture-in-picture; web-share\" referrerpolicy=\"strict-origin-when-cross-origin\" allowfullscreen><\/iframe>\n<\/div><\/figure>\n\n\n\n<p>Entre las disposiciones principales se estableci\u00f3 un toque de queda para adolescentes menores de 18 a\u00f1os en las zonas urbanas y rurales, vigente del 6 al 15 de septiembre, entre las 9:00 p.m. y las 5:00 a.m.<\/p>\n\n\n\n<p>La Alcald\u00eda tambi\u00e9n prohibi\u00f3 la organizaci\u00f3n de piques ilegales y rodadas de motocicletas, cuatrimotos, triciclos y autom\u00f3viles, adem\u00e1s de restringir la venta de combustible durante el horario nocturno. Asimismo, se proh\u00edbe la venta de gasolina en recipientes durante las 24 horas del d\u00eda, con excepciones para la Fuerza P\u00fablica, organismos de socorro y el sector agroindustrial.<\/p>\n\n\n\n<p>El incumplimiento de estas normas traer\u00e1 sanciones legales, que incluyen la inmovilizaci\u00f3n de veh\u00edculos, comparendos y medidas correctivas contra los responsables.<\/p>\n","protected":false},"excerpt":{"rendered":"<p>La Administraci\u00f3n Municipal de Tulu\u00e1 adopt\u00f3 nuevas medidas preventivas con el fin de proteger a los menores de edad y preservar el orden p\u00fablico en el municipio. Entre las disposiciones principales se estableci\u00f3 un toque de queda para adolescentes menores de 18 a\u00f1os en las zonas urbanas y rurales, vigente del 6 al 15 de [&hellip;]<\/p>\n","protected":false},"author":3,"featured_media":37072,"comment_status":"open","ping_status":"open","sticky":false,"template":"","format":"video","meta":{"footnotes":""},"categories":[10,1515],"tags":[],"class_list":["post-37069","post","type-post","status-publish","format-video","has-post-thumbnail","hentry","category-cnc-noticias-tulua","category-cnc-tulua","post_format-post-format-video"],"_links":{"self":[{"href":"https:\/\/cnctulua.tv\/index.php?rest_route=\/wp\/v2\/posts\/37069","targetHints":{"allow":["GET"]}}],"collection":[{"href":"https:\/\/cnctulua.tv\/index.php?rest_route=\/wp\/v2\/posts"}],"about":[{"href":"https:\/\/cnctulua.tv\/index.php?rest_route=\/wp\/v2\/types\/post"}],"author":[{"embeddable":true,"href":"https:\/\/cnctulua.tv\/index.php?rest_route=\/wp\/v2\/users\/3"}],"replies":[{"embeddable":true,"href":"https:\/\/cnctulua.tv\/index.php?rest_route=%2Fwp%2Fv2%2Fcomments&post=37069"}],"version-history":[{"count":1,"href":"https:\/\/cnctulua.tv\/index.php?rest_route=\/wp\/v2\/posts\/37069\/revisions"}],"predecessor-version":[{"id":37084,"href":"https:\/\/cnctulua.tv\/index.php?rest_route=\/wp\/v2\/posts\/37069\/revisions\/37084"}],"wp:featuredmedia":[{"embeddable":true,"href":"https:\/\/cnctulua.tv\/index.php?rest_route=\/wp\/v2\/media\/37072"}],"wp:attachment":[{"href":"https:\/\/cnctulua.tv\/index.php?rest_route=%2Fwp%2Fv2%2Fmedia&parent=37069"}],"wp:term":[{"taxonomy":"category","embeddable":true,"href":"https:\/\/cnctulua.tv\/index.php?rest_route=%2Fwp%2Fv2%2Fcategories&post=37069"},{"taxonomy":"post_tag","embeddable":true,"href":"https:\/\/cnctulua.tv\/index.php?rest_route=%2Fwp%2Fv2%2Ftags&post=37069"}],"curies":[{"name":"wp","href":"https:\/\/api.w.org\/{rel}","templated":true}]}}