{"id":37075,"date":"2025-09-09T18:16:07","date_gmt":"2025-09-09T18:16:07","guid":{"rendered":"https:\/\/cnctulua.tv\/?p=37075"},"modified":"2025-09-09T18:16:07","modified_gmt":"2025-09-09T18:16:07","slug":"valle-presente-en-el-mundial-de-atletismo-en-tokio-cuatro-atletas-representaran-a-colombia","status":"publish","type":"post","link":"https:\/\/cnctulua.tv\/?p=37075","title":{"rendered":"Valle presente en el Mundial de Atletismo en Tokio: cuatro atletas representar\u00e1n a Colombia."},"content":{"rendered":"\n<p>Del 13 al 22 de septiembre, Colombia tendr\u00e1 representaci\u00f3n de lujo en Tokio. Cuatro deportistas vallecaucanos fueron seleccionados para competir en el Campeonato Mundial de Atletismo, una de las citas m\u00e1s importantes del calendario internacional.<\/p>\n\n\n\n<figure class=\"wp-block-embed is-type-video is-provider-youtube wp-block-embed-youtube wp-embed-aspect-16-9 wp-has-aspect-ratio\"><div class=\"wp-block-embed__wrapper\">\n<iframe loading=\"lazy\" title=\"Cuatro atletas del Valle rumbo al Mundial de Atletismo Tokio 2025. \ud83c\udfc3\u200d\u2640\ufe0f\ud83d\udd25\" width=\"640\" height=\"360\" src=\"https:\/\/www.youtube.com\/embed\/XXs2Hx2Wb1s?feature=oembed\" frameborder=\"0\" allow=\"accelerometer; autoplay; clipboard-write; encrypted-media; gyroscope; picture-in-picture; web-share\" referrerpolicy=\"strict-origin-when-cross-origin\" allowfullscreen><\/iframe>\n<\/div><\/figure>\n\n\n\n<p>La delegaci\u00f3n nacional ya est\u00e1 lista, y entre los elegidos destacan Flor Denis Ruiz y Billy Julio, en lanzamiento de jabalina; Carlos Yesid Fl\u00f3rez, en los 100 metros planos; y Hellen Tenorio, en salto alto.<\/p>\n\n\n\n<p>Uno de los grandes protagonistas ser\u00e1 el bonaverense Carlos Yesid Fl\u00f3rez, quien se gan\u00f3 su cupo en el Grand Prix de Cochabamba, en Bolivia. \u201cSo\u00f1aba desde hace rato con clasificar al mundial, y siempre me dec\u00eda que ten\u00eda que lograrlo. Fue gracias a la constancia y al trabajo del a\u00f1o que alcanc\u00e9 la marca m\u00ednima y logr\u00e9 el cupo directo\u201d, expres\u00f3 emocionado.<\/p>\n\n\n\n<figure class=\"wp-block-image size-full\"><img loading=\"lazy\" decoding=\"async\" width=\"831\" height=\"556\" src=\"https:\/\/cnctulua.tv\/wp-content\/uploads\/2025\/09\/atle.png\" alt=\"\" class=\"wp-image-37102\" srcset=\"https:\/\/cnctulua.tv\/wp-content\/uploads\/2025\/09\/atle.png 831w, https:\/\/cnctulua.tv\/wp-content\/uploads\/2025\/09\/atle-300x201.png 300w, https:\/\/cnctulua.tv\/wp-content\/uploads\/2025\/09\/atle-768x514.png 768w\" sizes=\"auto, (max-width: 831px) 100vw, 831px\" \/><\/figure>\n\n\n\n<p>Por su parte, Flor Denis Ruiz, subcampeona mundial de jabalina en Budapest 2023, llega con experiencia y la ambici\u00f3n de volver a subirse al podio. A su lado, Billy Julio buscar\u00e1 consolidarse con un historial s\u00f3lido en campeonatos sudamericanos y marcas destacadas en la regi\u00f3n. Mientras tanto, Hellen Tenorio, en salto alto, representa el talento joven del Valle con registros que superan el 1.82 m.<\/p>\n\n\n\n<p>Desde Indervalle, la gerente Ana Milena Orozco resalt\u00f3 el acompa\u00f1amiento integral que han recibido los atletas:<\/p>\n\n\n\n<p>\u201cVenimos apoyando estos procesos con un equipo t\u00e9cnico interdisciplinario. Esta clasificaci\u00f3n es el reflejo de una inversi\u00f3n constante y de la visi\u00f3n de la gobernadora Dilian Francisca Toro, que ha hecho del deporte una herramienta de transformaci\u00f3n social\u201d.<\/p>\n\n\n\n<p>La preparaci\u00f3n de los atletas incluy\u00f3 fogueos nacionales e internacionales, acceso a medicina deportiva, nutrici\u00f3n, psicolog\u00eda y un seguimiento t\u00e9cnico de alto nivel. Un trabajo que hoy se refleja en esta clasificaci\u00f3n hist\u00f3rica.<\/p>\n\n\n\n<p>Con disciplina, talento y sue\u00f1os intactos, los cuatro vallecaucanos buscar\u00e1n dejar en alto el nombre de Colombia y seguir confirmando que el Valle es cuna de grandes campeones.<\/p>\n","protected":false},"excerpt":{"rendered":"<p>Del 13 al 22 de septiembre, Colombia tendr\u00e1 representaci\u00f3n de lujo en Tokio. Cuatro deportistas vallecaucanos fueron seleccionados para competir en el Campeonato Mundial de Atletismo, una de las citas m\u00e1s importantes del calendario internacional. La delegaci\u00f3n nacional ya est\u00e1 lista, y entre los elegidos destacan Flor Denis Ruiz y Billy Julio, en lanzamiento de [&hellip;]<\/p>\n","protected":false},"author":3,"featured_media":37101,"comment_status":"open","ping_status":"open","sticky":false,"template":"","format":"video","meta":{"footnotes":""},"categories":[10,1515],"tags":[],"class_list":["post-37075","post","type-post","status-publish","format-video","has-post-thumbnail","hentry","category-cnc-noticias-tulua","category-cnc-tulua","post_format-post-format-video"],"_links":{"self":[{"href":"https:\/\/cnctulua.tv\/index.php?rest_route=\/wp\/v2\/posts\/37075","targetHints":{"allow":["GET"]}}],"collection":[{"href":"https:\/\/cnctulua.tv\/index.php?rest_route=\/wp\/v2\/posts"}],"about":[{"href":"https:\/\/cnctulua.tv\/index.php?rest_route=\/wp\/v2\/types\/post"}],"author":[{"embeddable":true,"href":"https:\/\/cnctulua.tv\/index.php?rest_route=\/wp\/v2\/users\/3"}],"replies":[{"embeddable":true,"href":"https:\/\/cnctulua.tv\/index.php?rest_route=%2Fwp%2Fv2%2Fcomments&post=37075"}],"version-history":[{"count":1,"href":"https:\/\/cnctulua.tv\/index.php?rest_route=\/wp\/v2\/posts\/37075\/revisions"}],"predecessor-version":[{"id":37103,"href":"https:\/\/cnctulua.tv\/index.php?rest_route=\/wp\/v2\/posts\/37075\/revisions\/37103"}],"wp:featuredmedia":[{"embeddable":true,"href":"https:\/\/cnctulua.tv\/index.php?rest_route=\/wp\/v2\/media\/37101"}],"wp:attachment":[{"href":"https:\/\/cnctulua.tv\/index.php?rest_route=%2Fwp%2Fv2%2Fmedia&parent=37075"}],"wp:term":[{"taxonomy":"category","embeddable":true,"href":"https:\/\/cnctulua.tv\/index.php?rest_route=%2Fwp%2Fv2%2Fcategories&post=37075"},{"taxonomy":"post_tag","embeddable":true,"href":"https:\/\/cnctulua.tv\/index.php?rest_route=%2Fwp%2Fv2%2Ftags&post=37075"}],"curies":[{"name":"wp","href":"https:\/\/api.w.org\/{rel}","templated":true}]}}