{"id":37115,"date":"2025-09-10T17:03:04","date_gmt":"2025-09-10T17:03:04","guid":{"rendered":"https:\/\/cnctulua.tv\/?p=37115"},"modified":"2025-09-10T17:03:04","modified_gmt":"2025-09-10T17:03:04","slug":"capturados-dos-hombres-armados-en-la-comuna-21-de-cali-durante-la-operacion-blindaje","status":"publish","type":"post","link":"https:\/\/cnctulua.tv\/?p=37115","title":{"rendered":"Capturados dos hombres armados en la Comuna 21 de Cali durante la operaci\u00f3n Blindaje."},"content":{"rendered":"\n<p>En desarrollo de la operaci\u00f3n Blindaje y gracias a actividades de control en zonas priorizadas, la Polic\u00eda Nacional captur\u00f3 en flagrancia a dos hombres en el barrio Compartir, oriente de la ciudad.<\/p>\n\n\n\n<figure class=\"wp-block-embed is-type-video is-provider-youtube wp-block-embed-youtube wp-embed-aspect-16-9 wp-has-aspect-ratio\"><div class=\"wp-block-embed__wrapper\">\n<iframe loading=\"lazy\" title=\"\ud83d\ude94 Cayeron en la Comuna 21 de Cali. \ud83d\ude94\" width=\"640\" height=\"360\" src=\"https:\/\/www.youtube.com\/embed\/1Wl14sCr83M?feature=oembed\" frameborder=\"0\" allow=\"accelerometer; autoplay; clipboard-write; encrypted-media; gyroscope; picture-in-picture; web-share\" referrerpolicy=\"strict-origin-when-cross-origin\" allowfullscreen><\/iframe>\n<\/div><\/figure>\n\n\n\n<p>Los sospechosos, que se movilizaban en motocicleta, fueron interceptados por uniformados de las patrullas motorizadas de la Comuna 21. Durante el registro, les hallaron dos armas de fuego tipo pistola y munici\u00f3n.<\/p>\n\n\n\n<p>Los capturados, de 27 y 34 a\u00f1os, cuentan con antecedentes por concierto para delinquir y porte ilegal de armas. Fueron puestos a disposici\u00f3n de la Fiscal\u00eda General de la Naci\u00f3n por fabricaci\u00f3n, tr\u00e1fico, porte o tenencia de armas de fuego, accesorios, partes o municiones.<\/p>\n\n\n\n<p>Las autoridades informaron que este resultado hace parte de las acciones diferenciales de la operaci\u00f3n Blindaje, con la que se busca garantizar seguridad, tranquilidad y protecci\u00f3n del patrimonio ciudadano en la capital vallecaucana.<\/p>\n","protected":false},"excerpt":{"rendered":"<p>En desarrollo de la operaci\u00f3n Blindaje y gracias a actividades de control en zonas priorizadas, la Polic\u00eda Nacional captur\u00f3 en flagrancia a dos hombres en el barrio Compartir, oriente de la ciudad. Los sospechosos, que se movilizaban en motocicleta, fueron interceptados por uniformados de las patrullas motorizadas de la Comuna 21. Durante el registro, les [&hellip;]<\/p>\n","protected":false},"author":3,"featured_media":37134,"comment_status":"open","ping_status":"open","sticky":false,"template":"","format":"video","meta":{"footnotes":""},"categories":[10,1515],"tags":[],"class_list":["post-37115","post","type-post","status-publish","format-video","has-post-thumbnail","hentry","category-cnc-noticias-tulua","category-cnc-tulua","post_format-post-format-video"],"_links":{"self":[{"href":"https:\/\/cnctulua.tv\/index.php?rest_route=\/wp\/v2\/posts\/37115","targetHints":{"allow":["GET"]}}],"collection":[{"href":"https:\/\/cnctulua.tv\/index.php?rest_route=\/wp\/v2\/posts"}],"about":[{"href":"https:\/\/cnctulua.tv\/index.php?rest_route=\/wp\/v2\/types\/post"}],"author":[{"embeddable":true,"href":"https:\/\/cnctulua.tv\/index.php?rest_route=\/wp\/v2\/users\/3"}],"replies":[{"embeddable":true,"href":"https:\/\/cnctulua.tv\/index.php?rest_route=%2Fwp%2Fv2%2Fcomments&post=37115"}],"version-history":[{"count":1,"href":"https:\/\/cnctulua.tv\/index.php?rest_route=\/wp\/v2\/posts\/37115\/revisions"}],"predecessor-version":[{"id":37137,"href":"https:\/\/cnctulua.tv\/index.php?rest_route=\/wp\/v2\/posts\/37115\/revisions\/37137"}],"wp:featuredmedia":[{"embeddable":true,"href":"https:\/\/cnctulua.tv\/index.php?rest_route=\/wp\/v2\/media\/37134"}],"wp:attachment":[{"href":"https:\/\/cnctulua.tv\/index.php?rest_route=%2Fwp%2Fv2%2Fmedia&parent=37115"}],"wp:term":[{"taxonomy":"category","embeddable":true,"href":"https:\/\/cnctulua.tv\/index.php?rest_route=%2Fwp%2Fv2%2Fcategories&post=37115"},{"taxonomy":"post_tag","embeddable":true,"href":"https:\/\/cnctulua.tv\/index.php?rest_route=%2Fwp%2Fv2%2Ftags&post=37115"}],"curies":[{"name":"wp","href":"https:\/\/api.w.org\/{rel}","templated":true}]}}