{"id":37119,"date":"2025-09-10T18:34:58","date_gmt":"2025-09-10T18:34:58","guid":{"rendered":"https:\/\/cnctulua.tv\/?p=37119"},"modified":"2025-09-10T18:34:58","modified_gmt":"2025-09-10T18:34:58","slug":"cali-recibe-la-exposicion-de-arte-mas-importante-del-ano-con-acceso-gratuito","status":"publish","type":"post","link":"https:\/\/cnctulua.tv\/?p=37119","title":{"rendered":"Cali recibe la exposici\u00f3n de arte m\u00e1s importante del a\u00f1o con acceso gratuito."},"content":{"rendered":"\n<p>La Biblioteca Departamental Jorge Garc\u00e9s Borrero alberga la primera edici\u00f3n de Arteca Internacional, una exposici\u00f3n que re\u00fane m\u00e1s de 80 obras de 30 reconocidos artistas nacionales e internacionales, entre ellos Fernando Botero, Alejandro Obreg\u00f3n, Edgar Negret, \u00d3scar Mu\u00f1oz, Silvio Porzionato y Wilfredo Lam.<\/p>\n\n\n\n<figure class=\"wp-block-embed is-type-video is-provider-youtube wp-block-embed-youtube wp-embed-aspect-16-9 wp-has-aspect-ratio\"><div class=\"wp-block-embed__wrapper\">\n<iframe loading=\"lazy\" title=\"\ud83c\udfa8\u2728 Cali se convierte en epicentro cultural con la exposici\u00f3n de arte m\u00e1s importante del a\u00f1o.\" width=\"640\" height=\"360\" src=\"https:\/\/www.youtube.com\/embed\/YytBVgmL5qE?feature=oembed\" frameborder=\"0\" allow=\"accelerometer; autoplay; clipboard-write; encrypted-media; gyroscope; picture-in-picture; web-share\" referrerpolicy=\"strict-origin-when-cross-origin\" allowfullscreen><\/iframe>\n<\/div><\/figure>\n\n\n\n<p>La muestra, abierta al p\u00fablico hasta el 13 de septiembre con entrada gratuita, busca conectar culturas, abrir espacios de di\u00e1logo y fortalecer la relaci\u00f3n entre artistas, coleccionistas y ciudadan\u00eda.<\/p>\n\n\n\n<p>El director de la Biblioteca, Fernando Tamayo, resalt\u00f3 que este evento marca un punto de inflexi\u00f3n para Cali, que vuelve a posicionarse en el circuito de grandes exposiciones, ofreciendo a los vallecaucanos la posibilidad de apreciar obras que pertenecen en su mayor\u00eda a colecciones privadas.<\/p>\n\n\n\n<p>Con esta iniciativa, la Biblioteca Departamental y la Gobernaci\u00f3n del Valle reafirman su compromiso con la promoci\u00f3n cultural y la democratizaci\u00f3n del acceso al arte.<\/p>\n","protected":false},"excerpt":{"rendered":"<p>La Biblioteca Departamental Jorge Garc\u00e9s Borrero alberga la primera edici\u00f3n de Arteca Internacional, una exposici\u00f3n que re\u00fane m\u00e1s de 80 obras de 30 reconocidos artistas nacionales e internacionales, entre ellos Fernando Botero, Alejandro Obreg\u00f3n, Edgar Negret, \u00d3scar Mu\u00f1oz, Silvio Porzionato y Wilfredo Lam. La muestra, abierta al p\u00fablico hasta el 13 de septiembre con entrada [&hellip;]<\/p>\n","protected":false},"author":3,"featured_media":37146,"comment_status":"open","ping_status":"open","sticky":false,"template":"","format":"video","meta":{"footnotes":""},"categories":[10,1515],"tags":[],"class_list":["post-37119","post","type-post","status-publish","format-video","has-post-thumbnail","hentry","category-cnc-noticias-tulua","category-cnc-tulua","post_format-post-format-video"],"_links":{"self":[{"href":"https:\/\/cnctulua.tv\/index.php?rest_route=\/wp\/v2\/posts\/37119","targetHints":{"allow":["GET"]}}],"collection":[{"href":"https:\/\/cnctulua.tv\/index.php?rest_route=\/wp\/v2\/posts"}],"about":[{"href":"https:\/\/cnctulua.tv\/index.php?rest_route=\/wp\/v2\/types\/post"}],"author":[{"embeddable":true,"href":"https:\/\/cnctulua.tv\/index.php?rest_route=\/wp\/v2\/users\/3"}],"replies":[{"embeddable":true,"href":"https:\/\/cnctulua.tv\/index.php?rest_route=%2Fwp%2Fv2%2Fcomments&post=37119"}],"version-history":[{"count":1,"href":"https:\/\/cnctulua.tv\/index.php?rest_route=\/wp\/v2\/posts\/37119\/revisions"}],"predecessor-version":[{"id":37148,"href":"https:\/\/cnctulua.tv\/index.php?rest_route=\/wp\/v2\/posts\/37119\/revisions\/37148"}],"wp:featuredmedia":[{"embeddable":true,"href":"https:\/\/cnctulua.tv\/index.php?rest_route=\/wp\/v2\/media\/37146"}],"wp:attachment":[{"href":"https:\/\/cnctulua.tv\/index.php?rest_route=%2Fwp%2Fv2%2Fmedia&parent=37119"}],"wp:term":[{"taxonomy":"category","embeddable":true,"href":"https:\/\/cnctulua.tv\/index.php?rest_route=%2Fwp%2Fv2%2Fcategories&post=37119"},{"taxonomy":"post_tag","embeddable":true,"href":"https:\/\/cnctulua.tv\/index.php?rest_route=%2Fwp%2Fv2%2Ftags&post=37119"}],"curies":[{"name":"wp","href":"https:\/\/api.w.org\/{rel}","templated":true}]}}