{"id":37154,"date":"2025-09-11T16:36:27","date_gmt":"2025-09-11T16:36:27","guid":{"rendered":"https:\/\/cnctulua.tv\/?p=37154"},"modified":"2025-09-11T16:36:27","modified_gmt":"2025-09-11T16:36:27","slug":"policia-esclarece-en-pradera-homicidio-de-un-adolescente-al-interior-de-un-colegio","status":"publish","type":"post","link":"https:\/\/cnctulua.tv\/?p=37154","title":{"rendered":"Polic\u00eda esclarece en Pradera homicidio de un adolescente al interior de un colegio."},"content":{"rendered":"\n<p>La Polic\u00eda Nacional report\u00f3 la aprehensi\u00f3n de un menor de edad por orden judicial, se\u00f1alado como presunto autor del homicidio de un estudiante de 16 a\u00f1os en el municipio de Pradera, Valle del Cauca.<\/p>\n\n\n\n<figure class=\"wp-block-embed is-type-video is-provider-youtube wp-block-embed-youtube wp-embed-aspect-16-9 wp-has-aspect-ratio\"><div class=\"wp-block-embed__wrapper\">\n<iframe loading=\"lazy\" title=\"\ud83d\udd34 Aprehenden a menor por homicidio en Pradera. \ud83d\udd34\" width=\"640\" height=\"360\" src=\"https:\/\/www.youtube.com\/embed\/sHiht8TORHw?feature=oembed\" frameborder=\"0\" allow=\"accelerometer; autoplay; clipboard-write; encrypted-media; gyroscope; picture-in-picture; web-share\" referrerpolicy=\"strict-origin-when-cross-origin\" allowfullscreen><\/iframe>\n<\/div><\/figure>\n\n\n\n<p>El hecho se registr\u00f3 el 6 de agosto al interior de una instituci\u00f3n educativa, cuando, seg\u00fan la investigaci\u00f3n, el agresor ingres\u00f3 con un arma de fuego y dispar\u00f3 contra la v\u00edctima. La investigaci\u00f3n fue liderada por el comando del departamento de Polic\u00eda Valle con apoyo de la SIJIN, SIPOL y SEPRO.<\/p>\n\n\n\n<p>Horas despu\u00e9s de la aprehensi\u00f3n, un adolescente de 15 a\u00f1os se present\u00f3 ante las autoridades y reconoci\u00f3 su participaci\u00f3n en el ataque. La Fiscal\u00eda URPA de Palmira le imput\u00f3 el delito de homicidio agravado y fue cobijado con medida de internamiento preventivo en un centro especializado.<\/p>\n\n\n\n<p>El segundo implicado, capturado por orden judicial, tambi\u00e9n enfrenta cargos por homicidio agravado y porte ilegal de armas, siendo trasladado a un centro de reclusi\u00f3n para menores.<\/p>\n\n\n\n<p>Las autoridades invitaron a la comunidad a denunciar hechos delictivos en la l\u00ednea contra el crimen 314 358 7212.<\/p>\n","protected":false},"excerpt":{"rendered":"<p>La Polic\u00eda Nacional report\u00f3 la aprehensi\u00f3n de un menor de edad por orden judicial, se\u00f1alado como presunto autor del homicidio de un estudiante de 16 a\u00f1os en el municipio de Pradera, Valle del Cauca. El hecho se registr\u00f3 el 6 de agosto al interior de una instituci\u00f3n educativa, cuando, seg\u00fan la investigaci\u00f3n, el agresor ingres\u00f3 [&hellip;]<\/p>\n","protected":false},"author":3,"featured_media":37167,"comment_status":"open","ping_status":"open","sticky":false,"template":"","format":"video","meta":{"footnotes":""},"categories":[10,1515],"tags":[],"class_list":["post-37154","post","type-post","status-publish","format-video","has-post-thumbnail","hentry","category-cnc-noticias-tulua","category-cnc-tulua","post_format-post-format-video"],"_links":{"self":[{"href":"https:\/\/cnctulua.tv\/index.php?rest_route=\/wp\/v2\/posts\/37154","targetHints":{"allow":["GET"]}}],"collection":[{"href":"https:\/\/cnctulua.tv\/index.php?rest_route=\/wp\/v2\/posts"}],"about":[{"href":"https:\/\/cnctulua.tv\/index.php?rest_route=\/wp\/v2\/types\/post"}],"author":[{"embeddable":true,"href":"https:\/\/cnctulua.tv\/index.php?rest_route=\/wp\/v2\/users\/3"}],"replies":[{"embeddable":true,"href":"https:\/\/cnctulua.tv\/index.php?rest_route=%2Fwp%2Fv2%2Fcomments&post=37154"}],"version-history":[{"count":1,"href":"https:\/\/cnctulua.tv\/index.php?rest_route=\/wp\/v2\/posts\/37154\/revisions"}],"predecessor-version":[{"id":37173,"href":"https:\/\/cnctulua.tv\/index.php?rest_route=\/wp\/v2\/posts\/37154\/revisions\/37173"}],"wp:featuredmedia":[{"embeddable":true,"href":"https:\/\/cnctulua.tv\/index.php?rest_route=\/wp\/v2\/media\/37167"}],"wp:attachment":[{"href":"https:\/\/cnctulua.tv\/index.php?rest_route=%2Fwp%2Fv2%2Fmedia&parent=37154"}],"wp:term":[{"taxonomy":"category","embeddable":true,"href":"https:\/\/cnctulua.tv\/index.php?rest_route=%2Fwp%2Fv2%2Fcategories&post=37154"},{"taxonomy":"post_tag","embeddable":true,"href":"https:\/\/cnctulua.tv\/index.php?rest_route=%2Fwp%2Fv2%2Ftags&post=37154"}],"curies":[{"name":"wp","href":"https:\/\/api.w.org\/{rel}","templated":true}]}}