{"id":37158,"date":"2025-09-11T17:02:45","date_gmt":"2025-09-11T17:02:45","guid":{"rendered":"https:\/\/cnctulua.tv\/?p=37158"},"modified":"2025-09-11T17:02:45","modified_gmt":"2025-09-11T17:02:45","slug":"tulua-conmemora-el-dia-de-la-prevencion-del-suicidio-con-actividades-en-colegios","status":"publish","type":"post","link":"https:\/\/cnctulua.tv\/?p=37158","title":{"rendered":"Tulu\u00e1 conmemora el D\u00eda de la Prevenci\u00f3n del Suicidio con actividades en colegios."},"content":{"rendered":"\n<p>La Alcald\u00eda de Tulu\u00e1 conmemor\u00f3 el D\u00eda Internacional de la Prevenci\u00f3n del Suicidio con una jornada de sensibilizaci\u00f3n en instituciones educativas del municipio.<\/p>\n\n\n\n<figure class=\"wp-block-embed is-type-video is-provider-youtube wp-block-embed-youtube wp-embed-aspect-16-9 wp-has-aspect-ratio\"><div class=\"wp-block-embed__wrapper\">\n<iframe loading=\"lazy\" title=\"\ud83c\udf0d\ud83d\udc9b Tulu\u00e1 impulsa la prevenci\u00f3n del suicidio con jornadas de sensibilizaci\u00f3n en colegios. \ud83e\udde0\ud83e\udd1d\ud83d\udcda\" width=\"640\" height=\"360\" src=\"https:\/\/www.youtube.com\/embed\/texX94_Jvk4?feature=oembed\" frameborder=\"0\" allow=\"accelerometer; autoplay; clipboard-write; encrypted-media; gyroscope; picture-in-picture; web-share\" referrerpolicy=\"strict-origin-when-cross-origin\" allowfullscreen><\/iframe>\n<\/div><\/figure>\n\n\n\n<p>La actividad fue liderada por la Secretar\u00eda de Salud y tuvo como objetivo principal capacitar a estudiantes y docentes en la identificaci\u00f3n de se\u00f1ales de riesgo, promoviendo entornos de apoyo y conciencia sobre la salud mental.<\/p>\n\n\n\n<p>Durante las actividades se resalt\u00f3 la importancia de la escucha activa, la solidaridad en el entorno escolar y la necesidad de acudir a profesionales de la salud cuando se detecten alertas tempranas.<\/p>\n\n\n\n<p>La administraci\u00f3n municipal record\u00f3 adem\u00e1s que la L\u00ednea 106 de la Gobernaci\u00f3n del Valle del Cauca est\u00e1 disponible las 24 horas del d\u00eda, brindando orientaci\u00f3n psicol\u00f3gica gratuita y confidencial a toda la comunidad.<\/p>\n","protected":false},"excerpt":{"rendered":"<p>La Alcald\u00eda de Tulu\u00e1 conmemor\u00f3 el D\u00eda Internacional de la Prevenci\u00f3n del Suicidio con una jornada de sensibilizaci\u00f3n en instituciones educativas del municipio. La actividad fue liderada por la Secretar\u00eda de Salud y tuvo como objetivo principal capacitar a estudiantes y docentes en la identificaci\u00f3n de se\u00f1ales de riesgo, promoviendo entornos de apoyo y conciencia [&hellip;]<\/p>\n","protected":false},"author":3,"featured_media":37174,"comment_status":"open","ping_status":"open","sticky":false,"template":"","format":"video","meta":{"footnotes":""},"categories":[10,1515],"tags":[],"class_list":["post-37158","post","type-post","status-publish","format-video","has-post-thumbnail","hentry","category-cnc-noticias-tulua","category-cnc-tulua","post_format-post-format-video"],"_links":{"self":[{"href":"https:\/\/cnctulua.tv\/index.php?rest_route=\/wp\/v2\/posts\/37158","targetHints":{"allow":["GET"]}}],"collection":[{"href":"https:\/\/cnctulua.tv\/index.php?rest_route=\/wp\/v2\/posts"}],"about":[{"href":"https:\/\/cnctulua.tv\/index.php?rest_route=\/wp\/v2\/types\/post"}],"author":[{"embeddable":true,"href":"https:\/\/cnctulua.tv\/index.php?rest_route=\/wp\/v2\/users\/3"}],"replies":[{"embeddable":true,"href":"https:\/\/cnctulua.tv\/index.php?rest_route=%2Fwp%2Fv2%2Fcomments&post=37158"}],"version-history":[{"count":1,"href":"https:\/\/cnctulua.tv\/index.php?rest_route=\/wp\/v2\/posts\/37158\/revisions"}],"predecessor-version":[{"id":37177,"href":"https:\/\/cnctulua.tv\/index.php?rest_route=\/wp\/v2\/posts\/37158\/revisions\/37177"}],"wp:featuredmedia":[{"embeddable":true,"href":"https:\/\/cnctulua.tv\/index.php?rest_route=\/wp\/v2\/media\/37174"}],"wp:attachment":[{"href":"https:\/\/cnctulua.tv\/index.php?rest_route=%2Fwp%2Fv2%2Fmedia&parent=37158"}],"wp:term":[{"taxonomy":"category","embeddable":true,"href":"https:\/\/cnctulua.tv\/index.php?rest_route=%2Fwp%2Fv2%2Fcategories&post=37158"},{"taxonomy":"post_tag","embeddable":true,"href":"https:\/\/cnctulua.tv\/index.php?rest_route=%2Fwp%2Fv2%2Ftags&post=37158"}],"curies":[{"name":"wp","href":"https:\/\/api.w.org\/{rel}","templated":true}]}}