{"id":37180,"date":"2025-09-11T17:24:42","date_gmt":"2025-09-11T17:24:42","guid":{"rendered":"https:\/\/cnctulua.tv\/?p=37180"},"modified":"2025-09-11T17:24:42","modified_gmt":"2025-09-11T17:24:42","slug":"valle-del-cauca-se-destaca-en-la-cumbre-internacional-de-sostenibilidad-e-innovacion-ambiental","status":"publish","type":"post","link":"https:\/\/cnctulua.tv\/?p=37180","title":{"rendered":"Valle del Cauca se destaca en la Cumbre Internacional de Sostenibilidad e Innovaci\u00f3n Ambiental."},"content":{"rendered":"\n<p>El Valle del Cauca fue protagonista en la Cumbre Internacional de Sostenibilidad e Innovaci\u00f3n Ambiental que se realiza en Bogot\u00e1, un evento que re\u00fane a entidades p\u00fablicas, privadas y de cooperaci\u00f3n internacional para debatir sobre el futuro del desarrollo sostenible.<\/p>\n\n\n\n<figure class=\"wp-block-embed is-type-video is-provider-youtube wp-block-embed-youtube wp-embed-aspect-16-9 wp-has-aspect-ratio\"><div class=\"wp-block-embed__wrapper\">\n<iframe loading=\"lazy\" title=\"\ud83c\udf31\ud83d\udca1 Valle del Cauca brilla en cumbre internacional de sostenibilidad e innovaci\u00f3n ambiental. \ud83c\udf0d\ud83e\udd1d\ud83c\udf33\" width=\"640\" height=\"360\" src=\"https:\/\/www.youtube.com\/embed\/bj120tIVxN4?feature=oembed\" frameborder=\"0\" allow=\"accelerometer; autoplay; clipboard-write; encrypted-media; gyroscope; picture-in-picture; web-share\" referrerpolicy=\"strict-origin-when-cross-origin\" allowfullscreen><\/iframe>\n<\/div><\/figure>\n\n\n\n<p>La gobernadora Dilian Francisca Toro expuso la estrategia integral que impulsa el departamento, enfocada en el cuidado de cuencas hidrogr\u00e1ficas, la transici\u00f3n hacia alimentos limpios y la implementaci\u00f3n del primer plan de agroecolog\u00eda en el pa\u00eds. Actualmente, m\u00e1s de 4.000 campesinos participan en esta transici\u00f3n, de los cuales el 85% ya no utilizan qu\u00edmicos en sus cultivos.<\/p>\n\n\n\n<figure class=\"wp-block-image size-large\"><img loading=\"lazy\" decoding=\"async\" width=\"1024\" height=\"494\" src=\"https:\/\/cnctulua.tv\/wp-content\/uploads\/2025\/09\/CUMBREEEEEEE-1024x494.png\" alt=\"\" class=\"wp-image-37182\" srcset=\"https:\/\/cnctulua.tv\/wp-content\/uploads\/2025\/09\/CUMBREEEEEEE-1024x494.png 1024w, https:\/\/cnctulua.tv\/wp-content\/uploads\/2025\/09\/CUMBREEEEEEE-300x145.png 300w, https:\/\/cnctulua.tv\/wp-content\/uploads\/2025\/09\/CUMBREEEEEEE-768x371.png 768w, https:\/\/cnctulua.tv\/wp-content\/uploads\/2025\/09\/CUMBREEEEEEE.png 1117w\" sizes=\"auto, (max-width: 1024px) 100vw, 1024px\" \/><\/figure>\n\n\n\n<p>En el foro \u201cEl ordenamiento productivo en di\u00e1logo con el medio ambiente, necesidad urgente\u201d, la mandataria se\u00f1al\u00f3 que la conservaci\u00f3n debe verse como una inversi\u00f3n, al generar ingresos sostenibles y mejorar la calidad de vida de las comunidades.<\/p>\n\n\n\n<p>El stand del Valle del Cauca, dedicado a su riqueza natural y cultural, se convirti\u00f3 en uno de los m\u00e1s visitados de la feria, presentando proyectos de conservaci\u00f3n de bosques, patrimonio natural y programas de educaci\u00f3n ambiental.<\/p>\n","protected":false},"excerpt":{"rendered":"<p>El Valle del Cauca fue protagonista en la Cumbre Internacional de Sostenibilidad e Innovaci\u00f3n Ambiental que se realiza en Bogot\u00e1, un evento que re\u00fane a entidades p\u00fablicas, privadas y de cooperaci\u00f3n internacional para debatir sobre el futuro del desarrollo sostenible. La gobernadora Dilian Francisca Toro expuso la estrategia integral que impulsa el departamento, enfocada en [&hellip;]<\/p>\n","protected":false},"author":3,"featured_media":37181,"comment_status":"open","ping_status":"open","sticky":false,"template":"","format":"video","meta":{"footnotes":""},"categories":[10,1515],"tags":[],"class_list":["post-37180","post","type-post","status-publish","format-video","has-post-thumbnail","hentry","category-cnc-noticias-tulua","category-cnc-tulua","post_format-post-format-video"],"_links":{"self":[{"href":"https:\/\/cnctulua.tv\/index.php?rest_route=\/wp\/v2\/posts\/37180","targetHints":{"allow":["GET"]}}],"collection":[{"href":"https:\/\/cnctulua.tv\/index.php?rest_route=\/wp\/v2\/posts"}],"about":[{"href":"https:\/\/cnctulua.tv\/index.php?rest_route=\/wp\/v2\/types\/post"}],"author":[{"embeddable":true,"href":"https:\/\/cnctulua.tv\/index.php?rest_route=\/wp\/v2\/users\/3"}],"replies":[{"embeddable":true,"href":"https:\/\/cnctulua.tv\/index.php?rest_route=%2Fwp%2Fv2%2Fcomments&post=37180"}],"version-history":[{"count":1,"href":"https:\/\/cnctulua.tv\/index.php?rest_route=\/wp\/v2\/posts\/37180\/revisions"}],"predecessor-version":[{"id":37183,"href":"https:\/\/cnctulua.tv\/index.php?rest_route=\/wp\/v2\/posts\/37180\/revisions\/37183"}],"wp:featuredmedia":[{"embeddable":true,"href":"https:\/\/cnctulua.tv\/index.php?rest_route=\/wp\/v2\/media\/37181"}],"wp:attachment":[{"href":"https:\/\/cnctulua.tv\/index.php?rest_route=%2Fwp%2Fv2%2Fmedia&parent=37180"}],"wp:term":[{"taxonomy":"category","embeddable":true,"href":"https:\/\/cnctulua.tv\/index.php?rest_route=%2Fwp%2Fv2%2Fcategories&post=37180"},{"taxonomy":"post_tag","embeddable":true,"href":"https:\/\/cnctulua.tv\/index.php?rest_route=%2Fwp%2Fv2%2Ftags&post=37180"}],"curies":[{"name":"wp","href":"https:\/\/api.w.org\/{rel}","templated":true}]}}