{"id":37201,"date":"2025-09-12T22:17:17","date_gmt":"2025-09-12T22:17:17","guid":{"rendered":"https:\/\/cnctulua.tv\/?p=37201"},"modified":"2025-09-12T22:17:17","modified_gmt":"2025-09-12T22:17:17","slug":"tulua-celebra-el-dia-mundial-contra-la-rabia-con-jornada-de-vacunacion-y-adopcion","status":"publish","type":"post","link":"https:\/\/cnctulua.tv\/?p=37201","title":{"rendered":"Tulu\u00e1 celebra el D\u00eda Mundial contra la Rabia con jornada de vacunaci\u00f3n y adopci\u00f3n."},"content":{"rendered":"\n<p>La Junta de Acci\u00f3n Comunal del barrio Victoria lidera este domingo una jornada especial en el marco del D\u00eda Mundial contra la Rabia. La actividad tendr\u00e1 lugar en el parque de la familia desde las 10:30 a. m. y contar\u00e1 con vacunaci\u00f3n y desparasitaci\u00f3n gratuita para perros y gatos.<\/p>\n\n\n\n<figure class=\"wp-block-embed is-type-video is-provider-youtube wp-block-embed-youtube wp-embed-aspect-16-9 wp-has-aspect-ratio\"><div class=\"wp-block-embed__wrapper\">\n<iframe loading=\"lazy\" title=\"Vacunaci\u00f3n gratuita de perros y gatos en Tulu\u00e1. \ud83d\udc36\ud83d\udc31\" width=\"640\" height=\"360\" src=\"https:\/\/www.youtube.com\/embed\/-agzEsL7nxQ?feature=oembed\" frameborder=\"0\" allow=\"accelerometer; autoplay; clipboard-write; encrypted-media; gyroscope; picture-in-picture; web-share\" referrerpolicy=\"strict-origin-when-cross-origin\" allowfullscreen><\/iframe>\n<\/div><\/figure>\n\n\n\n<p>Adem\u00e1s, se realizar\u00e1 una jornada de adopci\u00f3n y una \u201cdonat\u00f3n\u201d en apoyo a fundaciones y hogares de paso que atienden animales en condici\u00f3n de abandono. Los asistentes podr\u00e1n participar en rifas, concursos de mascotas y charlas sobre tenencia responsable.<\/p>\n\n\n\n<p>Los organizadores recordaron a los propietarios la importancia de llevar el carn\u00e9 de vacunaci\u00f3n de sus animales y cumplir con las normas de seguridad como el uso de collar y bozal.<\/p>\n","protected":false},"excerpt":{"rendered":"<p>La Junta de Acci\u00f3n Comunal del barrio Victoria lidera este domingo una jornada especial en el marco del D\u00eda Mundial contra la Rabia. La actividad tendr\u00e1 lugar en el parque de la familia desde las 10:30 a. m. y contar\u00e1 con vacunaci\u00f3n y desparasitaci\u00f3n gratuita para perros y gatos. Adem\u00e1s, se realizar\u00e1 una jornada de [&hellip;]<\/p>\n","protected":false},"author":3,"featured_media":37232,"comment_status":"open","ping_status":"open","sticky":false,"template":"","format":"video","meta":{"footnotes":""},"categories":[10,1515],"tags":[],"class_list":["post-37201","post","type-post","status-publish","format-video","has-post-thumbnail","hentry","category-cnc-noticias-tulua","category-cnc-tulua","post_format-post-format-video"],"_links":{"self":[{"href":"https:\/\/cnctulua.tv\/index.php?rest_route=\/wp\/v2\/posts\/37201","targetHints":{"allow":["GET"]}}],"collection":[{"href":"https:\/\/cnctulua.tv\/index.php?rest_route=\/wp\/v2\/posts"}],"about":[{"href":"https:\/\/cnctulua.tv\/index.php?rest_route=\/wp\/v2\/types\/post"}],"author":[{"embeddable":true,"href":"https:\/\/cnctulua.tv\/index.php?rest_route=\/wp\/v2\/users\/3"}],"replies":[{"embeddable":true,"href":"https:\/\/cnctulua.tv\/index.php?rest_route=%2Fwp%2Fv2%2Fcomments&post=37201"}],"version-history":[{"count":1,"href":"https:\/\/cnctulua.tv\/index.php?rest_route=\/wp\/v2\/posts\/37201\/revisions"}],"predecessor-version":[{"id":37234,"href":"https:\/\/cnctulua.tv\/index.php?rest_route=\/wp\/v2\/posts\/37201\/revisions\/37234"}],"wp:featuredmedia":[{"embeddable":true,"href":"https:\/\/cnctulua.tv\/index.php?rest_route=\/wp\/v2\/media\/37232"}],"wp:attachment":[{"href":"https:\/\/cnctulua.tv\/index.php?rest_route=%2Fwp%2Fv2%2Fmedia&parent=37201"}],"wp:term":[{"taxonomy":"category","embeddable":true,"href":"https:\/\/cnctulua.tv\/index.php?rest_route=%2Fwp%2Fv2%2Fcategories&post=37201"},{"taxonomy":"post_tag","embeddable":true,"href":"https:\/\/cnctulua.tv\/index.php?rest_route=%2Fwp%2Fv2%2Ftags&post=37201"}],"curies":[{"name":"wp","href":"https:\/\/api.w.org\/{rel}","templated":true}]}}