{"id":37209,"date":"2025-09-12T20:45:57","date_gmt":"2025-09-12T20:45:57","guid":{"rendered":"https:\/\/cnctulua.tv\/?p=37209"},"modified":"2025-09-12T20:45:57","modified_gmt":"2025-09-12T20:45:57","slug":"autoridades-en-tulua-refuerzan-operativos-contra-apartamenteros-en-barrios-del-sur","status":"publish","type":"post","link":"https:\/\/cnctulua.tv\/?p=37209","title":{"rendered":"Autoridades en Tulu\u00e1 refuerzan operativos contra apartamenteros en barrios del sur."},"content":{"rendered":"\n<p>La Polic\u00eda Nacional intensific\u00f3 las acciones en Tulu\u00e1 para combatir a los apartamenteros, grupos dedicados al hurto de residencias que en los \u00faltimos d\u00edas han generado preocupaci\u00f3n entre los habitantes de barrios como Sajonia y Los Lagos.<\/p>\n\n\n\n<figure class=\"wp-block-embed is-type-video is-provider-youtube wp-block-embed-youtube wp-embed-aspect-16-9 wp-has-aspect-ratio\"><div class=\"wp-block-embed__wrapper\">\n<iframe loading=\"lazy\" title=\"\ud83d\ude94 Capturan apartamenteros y refuerzan seguridad en Tulu\u00e1. \ud83d\ude94\ud83c\udfe0\" width=\"640\" height=\"360\" src=\"https:\/\/www.youtube.com\/embed\/4bOeiPV6ESY?feature=oembed\" frameborder=\"0\" allow=\"accelerometer; autoplay; clipboard-write; encrypted-media; gyroscope; picture-in-picture; web-share\" referrerpolicy=\"strict-origin-when-cross-origin\" allowfullscreen><\/iframe>\n<\/div><\/figure>\n\n\n\n<p>El teniente coronel Jaime Hern\u00e1n Rey Vargas, Comandante del Segundo Distrito de Polic\u00eda, explic\u00f3 que mediante una operaci\u00f3n realizada por la SIJIN hace aproximadamente un mes, se logr\u00f3 la captura por orden judicial de dos personas se\u00f1aladas de cometer estos delitos.<\/p>\n\n\n\n<p>Asimismo, se adelantan reuniones comunitarias en coordinaci\u00f3n con la Secretar\u00eda de Gobierno municipal, con el objetivo de escuchar a los ciudadanos, articular medidas de prevenci\u00f3n y fortalecer la confianza en las instituciones.<\/p>\n\n\n\n<p>Las autoridades advirtieron que los apartamenteros utilizan estrategias como golpear puertas y recorrer barrios para identificar posibles objetivos. Ante ello, se han reforzado patrullajes en sectores cr\u00edticos y se invita a la comunidad a denunciar cualquier actividad sospechosa.<\/p>\n","protected":false},"excerpt":{"rendered":"<p>La Polic\u00eda Nacional intensific\u00f3 las acciones en Tulu\u00e1 para combatir a los apartamenteros, grupos dedicados al hurto de residencias que en los \u00faltimos d\u00edas han generado preocupaci\u00f3n entre los habitantes de barrios como Sajonia y Los Lagos. El teniente coronel Jaime Hern\u00e1n Rey Vargas, Comandante del Segundo Distrito de Polic\u00eda, explic\u00f3 que mediante una operaci\u00f3n [&hellip;]<\/p>\n","protected":false},"author":3,"featured_media":37215,"comment_status":"open","ping_status":"open","sticky":false,"template":"","format":"video","meta":{"footnotes":""},"categories":[10,1515],"tags":[],"class_list":["post-37209","post","type-post","status-publish","format-video","has-post-thumbnail","hentry","category-cnc-noticias-tulua","category-cnc-tulua","post_format-post-format-video"],"_links":{"self":[{"href":"https:\/\/cnctulua.tv\/index.php?rest_route=\/wp\/v2\/posts\/37209","targetHints":{"allow":["GET"]}}],"collection":[{"href":"https:\/\/cnctulua.tv\/index.php?rest_route=\/wp\/v2\/posts"}],"about":[{"href":"https:\/\/cnctulua.tv\/index.php?rest_route=\/wp\/v2\/types\/post"}],"author":[{"embeddable":true,"href":"https:\/\/cnctulua.tv\/index.php?rest_route=\/wp\/v2\/users\/3"}],"replies":[{"embeddable":true,"href":"https:\/\/cnctulua.tv\/index.php?rest_route=%2Fwp%2Fv2%2Fcomments&post=37209"}],"version-history":[{"count":1,"href":"https:\/\/cnctulua.tv\/index.php?rest_route=\/wp\/v2\/posts\/37209\/revisions"}],"predecessor-version":[{"id":37218,"href":"https:\/\/cnctulua.tv\/index.php?rest_route=\/wp\/v2\/posts\/37209\/revisions\/37218"}],"wp:featuredmedia":[{"embeddable":true,"href":"https:\/\/cnctulua.tv\/index.php?rest_route=\/wp\/v2\/media\/37215"}],"wp:attachment":[{"href":"https:\/\/cnctulua.tv\/index.php?rest_route=%2Fwp%2Fv2%2Fmedia&parent=37209"}],"wp:term":[{"taxonomy":"category","embeddable":true,"href":"https:\/\/cnctulua.tv\/index.php?rest_route=%2Fwp%2Fv2%2Fcategories&post=37209"},{"taxonomy":"post_tag","embeddable":true,"href":"https:\/\/cnctulua.tv\/index.php?rest_route=%2Fwp%2Fv2%2Ftags&post=37209"}],"curies":[{"name":"wp","href":"https:\/\/api.w.org\/{rel}","templated":true}]}}