{"id":37239,"date":"2025-09-15T15:16:19","date_gmt":"2025-09-15T15:16:19","guid":{"rendered":"https:\/\/cnctulua.tv\/?p=37239"},"modified":"2025-09-15T15:16:19","modified_gmt":"2025-09-15T15:16:19","slug":"capturan-en-buga-la-banda-los-de-la-via-dedicada-al-hurto-de-motocicletas","status":"publish","type":"post","link":"https:\/\/cnctulua.tv\/?p=37239","title":{"rendered":"Capturan en Buga la banda \u201cLos de la V\u00eda\u201d dedicada al hurto de motocicletas."},"content":{"rendered":"\n<p>En un operativo articulado entre la Polic\u00eda Nacional y la Fiscal\u00eda General de la Naci\u00f3n fue desmantelada en Guadalajara de Buga la estructura delincuencial conocida como \u201cLos de la V\u00eda\u201d.<\/p>\n\n\n\n<figure class=\"wp-block-embed is-type-video is-provider-youtube wp-block-embed-youtube wp-embed-aspect-16-9 wp-has-aspect-ratio\"><div class=\"wp-block-embed__wrapper\">\n<iframe loading=\"lazy\" title=\"\ud83d\udd34 Caen en Buga los presuntos integrantes de la banda \u201cLos de la V\u00eda\u201d. \ud83d\ude94\ud83d\udc6e\u200d\u2642\ufe0f\" width=\"640\" height=\"360\" src=\"https:\/\/www.youtube.com\/embed\/oeZhtHCeOkg?feature=oembed\" frameborder=\"0\" allow=\"accelerometer; autoplay; clipboard-write; encrypted-media; gyroscope; picture-in-picture; web-share\" referrerpolicy=\"strict-origin-when-cross-origin\" allowfullscreen><\/iframe>\n<\/div><\/figure>\n\n\n\n<p>La acci\u00f3n judicial permiti\u00f3 la captura de tres personas, identificadas con los alias de \u201cPeludo\u201d, \u201cChinga\u201d y \u201cFlaco\u201d, quienes son se\u00f1alados como presuntos responsables de m\u00faltiples robos de motocicletas en la v\u00eda que conecta a Buga con Guacar\u00ed.<\/p>\n\n\n\n<p>Las investigaciones se\u00f1alan que los capturados empleaban armas de fuego para amedrentar a los conductores y despojarlos de sus pertenencias.<\/p>\n\n\n\n<p>Las autoridades reiteraron la importancia de que la comunidad denuncie cualquier actividad il\u00edcita a trav\u00e9s de la l\u00ednea 123 o con los n\u00fameros del cuadrante.<\/p>\n","protected":false},"excerpt":{"rendered":"<p>En un operativo articulado entre la Polic\u00eda Nacional y la Fiscal\u00eda General de la Naci\u00f3n fue desmantelada en Guadalajara de Buga la estructura delincuencial conocida como \u201cLos de la V\u00eda\u201d. La acci\u00f3n judicial permiti\u00f3 la captura de tres personas, identificadas con los alias de \u201cPeludo\u201d, \u201cChinga\u201d y \u201cFlaco\u201d, quienes son se\u00f1alados como presuntos responsables de [&hellip;]<\/p>\n","protected":false},"author":3,"featured_media":37246,"comment_status":"open","ping_status":"open","sticky":false,"template":"","format":"video","meta":{"footnotes":""},"categories":[10,1515],"tags":[],"class_list":["post-37239","post","type-post","status-publish","format-video","has-post-thumbnail","hentry","category-cnc-noticias-tulua","category-cnc-tulua","post_format-post-format-video"],"_links":{"self":[{"href":"https:\/\/cnctulua.tv\/index.php?rest_route=\/wp\/v2\/posts\/37239","targetHints":{"allow":["GET"]}}],"collection":[{"href":"https:\/\/cnctulua.tv\/index.php?rest_route=\/wp\/v2\/posts"}],"about":[{"href":"https:\/\/cnctulua.tv\/index.php?rest_route=\/wp\/v2\/types\/post"}],"author":[{"embeddable":true,"href":"https:\/\/cnctulua.tv\/index.php?rest_route=\/wp\/v2\/users\/3"}],"replies":[{"embeddable":true,"href":"https:\/\/cnctulua.tv\/index.php?rest_route=%2Fwp%2Fv2%2Fcomments&post=37239"}],"version-history":[{"count":2,"href":"https:\/\/cnctulua.tv\/index.php?rest_route=\/wp\/v2\/posts\/37239\/revisions"}],"predecessor-version":[{"id":37248,"href":"https:\/\/cnctulua.tv\/index.php?rest_route=\/wp\/v2\/posts\/37239\/revisions\/37248"}],"wp:featuredmedia":[{"embeddable":true,"href":"https:\/\/cnctulua.tv\/index.php?rest_route=\/wp\/v2\/media\/37246"}],"wp:attachment":[{"href":"https:\/\/cnctulua.tv\/index.php?rest_route=%2Fwp%2Fv2%2Fmedia&parent=37239"}],"wp:term":[{"taxonomy":"category","embeddable":true,"href":"https:\/\/cnctulua.tv\/index.php?rest_route=%2Fwp%2Fv2%2Fcategories&post=37239"},{"taxonomy":"post_tag","embeddable":true,"href":"https:\/\/cnctulua.tv\/index.php?rest_route=%2Fwp%2Fv2%2Ftags&post=37239"}],"curies":[{"name":"wp","href":"https:\/\/api.w.org\/{rel}","templated":true}]}}