{"id":37254,"date":"2025-09-15T16:50:10","date_gmt":"2025-09-15T16:50:10","guid":{"rendered":"https:\/\/cnctulua.tv\/?p=37254"},"modified":"2025-09-15T16:50:10","modified_gmt":"2025-09-15T16:50:10","slug":"festival-oiga-mire-lea-lleno-de-literatura-y-cultura-al-valle","status":"publish","type":"post","link":"https:\/\/cnctulua.tv\/?p=37254","title":{"rendered":"Festival Oiga Mire Lea llen\u00f3 de literatura y cultura al Valle."},"content":{"rendered":"\n<p>Con m\u00e1s de una semana de charlas, talleres y recitales, culmin\u00f3 en Cali y seis municipios del Valle del Cauca el Festival Internacional Oiga Mire Lea. El evento, que tuvo como sede principal la Biblioteca Departamental Jorge Garc\u00e9s Borrero, se convirti\u00f3 en un espacio de encuentro entre escritores, lectores y familias.<\/p>\n\n\n\n<figure class=\"wp-block-embed is-type-video is-provider-youtube wp-block-embed-youtube wp-embed-aspect-16-9 wp-has-aspect-ratio\"><div class=\"wp-block-embed__wrapper\">\n<iframe loading=\"lazy\" title=\"\ud83d\udcda\u2728 La literatura se tom\u00f3 el Valle con el Festival Internacional Oiga, Mire, Lea.\" width=\"640\" height=\"360\" src=\"https:\/\/www.youtube.com\/embed\/_MFmU6rAOyY?feature=oembed\" frameborder=\"0\" allow=\"accelerometer; autoplay; clipboard-write; encrypted-media; gyroscope; picture-in-picture; web-share\" referrerpolicy=\"strict-origin-when-cross-origin\" allowfullscreen><\/iframe>\n<\/div><\/figure>\n\n\n\n<p>La segunda edici\u00f3n del Oiga Mire Lea Junior permiti\u00f3 que ni\u00f1os y ni\u00f1as se vincularan de manera gratuita a actividades pedag\u00f3gicas, mientras que en municipios como La Cumbre, Ginebra, Guacar\u00ed, Ansermanuevo, Jamund\u00ed y Buenaventura se realizaron talleres de escritura, arte, fotograf\u00eda y caricatura.<\/p>\n\n\n\n<figure class=\"wp-block-image size-large\"><img loading=\"lazy\" decoding=\"async\" width=\"1024\" height=\"409\" src=\"https:\/\/cnctulua.tv\/wp-content\/uploads\/2025\/09\/oiga-mire-1-1024x409.png\" alt=\"\" class=\"wp-image-37274\" srcset=\"https:\/\/cnctulua.tv\/wp-content\/uploads\/2025\/09\/oiga-mire-1-1024x409.png 1024w, https:\/\/cnctulua.tv\/wp-content\/uploads\/2025\/09\/oiga-mire-1-300x120.png 300w, https:\/\/cnctulua.tv\/wp-content\/uploads\/2025\/09\/oiga-mire-1-768x307.png 768w, https:\/\/cnctulua.tv\/wp-content\/uploads\/2025\/09\/oiga-mire-1.png 1255w\" sizes=\"auto, (max-width: 1024px) 100vw, 1024px\" \/><\/figure>\n\n\n\n<p>Entre las presentaciones m\u00e1s destacadas estuvieron la obra Cuando \u00e9ramos tres de Pablo Dimarco, los talleres de microrrelatos con Claudia Amador y Palabras que pintan con Santiago Renter\u00eda Sinisterra.<\/p>\n\n\n\n<p>El Festival tambi\u00e9n entreg\u00f3 el Premio Jorge Isaacs, exaltando el talento literario de la regi\u00f3n.<\/p>\n\n\n\n<p>Los participantes resaltaron la importancia de llevar la lectura a todos los sectores. \u201cLa educaci\u00f3n y la lectura son vitales para crecer y forjar mejores caminos\u201d, asegur\u00f3 la cale\u00f1a Giselle Robayo.<\/p>\n\n\n\n<p>Con este balance, la Gobernaci\u00f3n del Valle reafirma su compromiso con la cultura y la promoci\u00f3n de la lectura.<\/p>\n","protected":false},"excerpt":{"rendered":"<p>Con m\u00e1s de una semana de charlas, talleres y recitales, culmin\u00f3 en Cali y seis municipios del Valle del Cauca el Festival Internacional Oiga Mire Lea. El evento, que tuvo como sede principal la Biblioteca Departamental Jorge Garc\u00e9s Borrero, se convirti\u00f3 en un espacio de encuentro entre escritores, lectores y familias. La segunda edici\u00f3n del [&hellip;]<\/p>\n","protected":false},"author":3,"featured_media":37273,"comment_status":"open","ping_status":"open","sticky":false,"template":"","format":"video","meta":{"footnotes":""},"categories":[10,1515],"tags":[],"class_list":["post-37254","post","type-post","status-publish","format-video","has-post-thumbnail","hentry","category-cnc-noticias-tulua","category-cnc-tulua","post_format-post-format-video"],"_links":{"self":[{"href":"https:\/\/cnctulua.tv\/index.php?rest_route=\/wp\/v2\/posts\/37254","targetHints":{"allow":["GET"]}}],"collection":[{"href":"https:\/\/cnctulua.tv\/index.php?rest_route=\/wp\/v2\/posts"}],"about":[{"href":"https:\/\/cnctulua.tv\/index.php?rest_route=\/wp\/v2\/types\/post"}],"author":[{"embeddable":true,"href":"https:\/\/cnctulua.tv\/index.php?rest_route=\/wp\/v2\/users\/3"}],"replies":[{"embeddable":true,"href":"https:\/\/cnctulua.tv\/index.php?rest_route=%2Fwp%2Fv2%2Fcomments&post=37254"}],"version-history":[{"count":1,"href":"https:\/\/cnctulua.tv\/index.php?rest_route=\/wp\/v2\/posts\/37254\/revisions"}],"predecessor-version":[{"id":37276,"href":"https:\/\/cnctulua.tv\/index.php?rest_route=\/wp\/v2\/posts\/37254\/revisions\/37276"}],"wp:featuredmedia":[{"embeddable":true,"href":"https:\/\/cnctulua.tv\/index.php?rest_route=\/wp\/v2\/media\/37273"}],"wp:attachment":[{"href":"https:\/\/cnctulua.tv\/index.php?rest_route=%2Fwp%2Fv2%2Fmedia&parent=37254"}],"wp:term":[{"taxonomy":"category","embeddable":true,"href":"https:\/\/cnctulua.tv\/index.php?rest_route=%2Fwp%2Fv2%2Fcategories&post=37254"},{"taxonomy":"post_tag","embeddable":true,"href":"https:\/\/cnctulua.tv\/index.php?rest_route=%2Fwp%2Fv2%2Ftags&post=37254"}],"curies":[{"name":"wp","href":"https:\/\/api.w.org\/{rel}","templated":true}]}}