{"id":37257,"date":"2025-09-15T17:03:20","date_gmt":"2025-09-15T17:03:20","guid":{"rendered":"https:\/\/cnctulua.tv\/?p=37257"},"modified":"2025-09-15T17:03:20","modified_gmt":"2025-09-15T17:03:20","slug":"florida-celebro-el-despertar-de-las-semillas-con-identidad-y-cultura","status":"publish","type":"post","link":"https:\/\/cnctulua.tv\/?p=37257","title":{"rendered":"Florida celebr\u00f3 el Despertar de las Semillas con identidad y cultura."},"content":{"rendered":"\n<p>En Florida se realiz\u00f3 el Despertar de las Semillas, evento pedag\u00f3gico y cultural organizado por la Instituci\u00f3n Departamental de Educaci\u00f3n B\u00e1sica, Ind\u00edgena y Comunitaria (IDEBIC) con el apoyo de la Gobernaci\u00f3n del Valle del Cauca.<\/p>\n\n\n\n<figure class=\"wp-block-embed is-type-video is-provider-youtube wp-block-embed-youtube wp-embed-aspect-16-9 wp-has-aspect-ratio\"><div class=\"wp-block-embed__wrapper\">\n<iframe loading=\"lazy\" title=\"\ud83c\udf31 Florida celebr\u00f3 el Despertar de las Semillas. \ud83c\udf3e\" width=\"640\" height=\"360\" src=\"https:\/\/www.youtube.com\/embed\/RBuIlcTEZ24?feature=oembed\" frameborder=\"0\" allow=\"accelerometer; autoplay; clipboard-write; encrypted-media; gyroscope; picture-in-picture; web-share\" referrerpolicy=\"strict-origin-when-cross-origin\" allowfullscreen><\/iframe>\n<\/div><\/figure>\n\n\n\n<p>La actividad reuni\u00f3 a estudiantes, docentes y comunidades ind\u00edgenas en torno a la importancia de las semillas nativas como s\u00edmbolo de soberan\u00eda alimentaria y salud.<\/p>\n\n\n\n<figure class=\"wp-block-image size-large\"><img loading=\"lazy\" decoding=\"async\" width=\"1024\" height=\"535\" src=\"https:\/\/cnctulua.tv\/wp-content\/uploads\/2025\/09\/florida-1024x535.png\" alt=\"\" class=\"wp-image-37279\" srcset=\"https:\/\/cnctulua.tv\/wp-content\/uploads\/2025\/09\/florida-1024x535.png 1024w, https:\/\/cnctulua.tv\/wp-content\/uploads\/2025\/09\/florida-300x157.png 300w, https:\/\/cnctulua.tv\/wp-content\/uploads\/2025\/09\/florida-768x401.png 768w, https:\/\/cnctulua.tv\/wp-content\/uploads\/2025\/09\/florida.png 1055w\" sizes=\"auto, (max-width: 1024px) 100vw, 1024px\" \/><\/figure>\n\n\n\n<p>\u201cEs realmente una ceremonia a las semillas y su origen. Con esto fortalecemos los procesos pedag\u00f3gicos de las instituciones \u00e9tnicas\u201d, asegur\u00f3 la secretaria de Educaci\u00f3n del Valle, Ofelia Dorado.<\/p>\n\n\n\n<p>El rector de la IDEBIC, An\u00edbal Bub\u00fa Ramos, resalt\u00f3 que el objetivo es sembrar conciencia en ni\u00f1os y j\u00f3venes. A su vez, estudiantes como Yireth Natalia Chocue destacaron el valor del trueque como forma de preservar y compartir las semillas entre comunidades.<\/p>\n\n\n\n<p>Con esta iniciativa, el departamento promueve la identidad cultural y la protecci\u00f3n del patrimonio ancestral de sus pueblos originarios.<\/p>\n","protected":false},"excerpt":{"rendered":"<p>En Florida se realiz\u00f3 el Despertar de las Semillas, evento pedag\u00f3gico y cultural organizado por la Instituci\u00f3n Departamental de Educaci\u00f3n B\u00e1sica, Ind\u00edgena y Comunitaria (IDEBIC) con el apoyo de la Gobernaci\u00f3n del Valle del Cauca. La actividad reuni\u00f3 a estudiantes, docentes y comunidades ind\u00edgenas en torno a la importancia de las semillas nativas como s\u00edmbolo [&hellip;]<\/p>\n","protected":false},"author":3,"featured_media":37277,"comment_status":"open","ping_status":"open","sticky":false,"template":"","format":"video","meta":{"footnotes":""},"categories":[10,1515],"tags":[],"class_list":["post-37257","post","type-post","status-publish","format-video","has-post-thumbnail","hentry","category-cnc-noticias-tulua","category-cnc-tulua","post_format-post-format-video"],"_links":{"self":[{"href":"https:\/\/cnctulua.tv\/index.php?rest_route=\/wp\/v2\/posts\/37257","targetHints":{"allow":["GET"]}}],"collection":[{"href":"https:\/\/cnctulua.tv\/index.php?rest_route=\/wp\/v2\/posts"}],"about":[{"href":"https:\/\/cnctulua.tv\/index.php?rest_route=\/wp\/v2\/types\/post"}],"author":[{"embeddable":true,"href":"https:\/\/cnctulua.tv\/index.php?rest_route=\/wp\/v2\/users\/3"}],"replies":[{"embeddable":true,"href":"https:\/\/cnctulua.tv\/index.php?rest_route=%2Fwp%2Fv2%2Fcomments&post=37257"}],"version-history":[{"count":1,"href":"https:\/\/cnctulua.tv\/index.php?rest_route=\/wp\/v2\/posts\/37257\/revisions"}],"predecessor-version":[{"id":37280,"href":"https:\/\/cnctulua.tv\/index.php?rest_route=\/wp\/v2\/posts\/37257\/revisions\/37280"}],"wp:featuredmedia":[{"embeddable":true,"href":"https:\/\/cnctulua.tv\/index.php?rest_route=\/wp\/v2\/media\/37277"}],"wp:attachment":[{"href":"https:\/\/cnctulua.tv\/index.php?rest_route=%2Fwp%2Fv2%2Fmedia&parent=37257"}],"wp:term":[{"taxonomy":"category","embeddable":true,"href":"https:\/\/cnctulua.tv\/index.php?rest_route=%2Fwp%2Fv2%2Fcategories&post=37257"},{"taxonomy":"post_tag","embeddable":true,"href":"https:\/\/cnctulua.tv\/index.php?rest_route=%2Fwp%2Fv2%2Ftags&post=37257"}],"curies":[{"name":"wp","href":"https:\/\/api.w.org\/{rel}","templated":true}]}}