{"id":37310,"date":"2025-09-16T16:35:31","date_gmt":"2025-09-16T16:35:31","guid":{"rendered":"https:\/\/cnctulua.tv\/?p=37310"},"modified":"2025-09-16T16:35:31","modified_gmt":"2025-09-16T16:35:31","slug":"jugadores-de-tulua-se-preparan-para-fase-regional-de-voleibol","status":"publish","type":"post","link":"https:\/\/cnctulua.tv\/?p=37310","title":{"rendered":"Jugadores de Tulu\u00e1 se preparan para fase regional de voleibol."},"content":{"rendered":"\n<p>Los j\u00f3venes del Colegio Gimnasio del Pac\u00edfico y del Club Esportiu de Voleibol de Tulu\u00e1 han brillado en los juegos intercolegiados municipales, zonales y departamentales, consolidando su talento y trabajo en equipo.<\/p>\n\n\n\n<figure class=\"wp-block-embed is-type-video is-provider-youtube wp-block-embed-youtube wp-embed-aspect-16-9 wp-has-aspect-ratio\"><div class=\"wp-block-embed__wrapper\">\n<iframe loading=\"lazy\" title=\"\ud83c\udfd0\ud83d\udcaa Jugadores de Tulu\u00e1 comparten sus expectativas rumbo a fase regional de voleibol.\" width=\"640\" height=\"360\" src=\"https:\/\/www.youtube.com\/embed\/LkUBWJmNpOc?feature=oembed\" frameborder=\"0\" allow=\"accelerometer; autoplay; clipboard-write; encrypted-media; gyroscope; picture-in-picture; web-share\" referrerpolicy=\"strict-origin-when-cross-origin\" allowfullscreen><\/iframe>\n<\/div><\/figure>\n\n\n\n<p>Mat\u00edas Bedoya, Santiago Ord\u00f3\u00f1ez, Santiago Torres y Alejandro Ben\u00edtez destacaron su experiencia en las competencias recientes y sus expectativas para la fase regional. Todos coinciden en que la disciplina, la constancia y el esfuerzo conjunto son la clave para alcanzar nuevos logros.<\/p>\n\n\n\n<figure class=\"wp-block-image size-large\"><img loading=\"lazy\" decoding=\"async\" width=\"1024\" height=\"528\" src=\"https:\/\/cnctulua.tv\/wp-content\/uploads\/2025\/09\/VOLI-BB-1024x528.png\" alt=\"\" class=\"wp-image-37340\" srcset=\"https:\/\/cnctulua.tv\/wp-content\/uploads\/2025\/09\/VOLI-BB-1024x528.png 1024w, https:\/\/cnctulua.tv\/wp-content\/uploads\/2025\/09\/VOLI-BB-300x155.png 300w, https:\/\/cnctulua.tv\/wp-content\/uploads\/2025\/09\/VOLI-BB-768x396.png 768w, https:\/\/cnctulua.tv\/wp-content\/uploads\/2025\/09\/VOLI-BB.png 1045w\" sizes=\"auto, (max-width: 1024px) 100vw, 1024px\" \/><\/figure>\n\n\n\n<p>Bajo la direcci\u00f3n del entrenador Jonathan Cata\u00f1o, los jugadores entrenan en el Coliseo Benicio Echeverry y en las instalaciones del colegio, con la meta de llegar a los Juegos Nacionales e incluso representar a Colombia en torneos internacionales.<\/p>\n\n\n\n<p>El equipo proyecta a Tulu\u00e1 como un referente en el voleibol vallecaucano y contin\u00faa prepar\u00e1ndose con compromiso y dedicaci\u00f3n.<\/p>\n","protected":false},"excerpt":{"rendered":"<p>Los j\u00f3venes del Colegio Gimnasio del Pac\u00edfico y del Club Esportiu de Voleibol de Tulu\u00e1 han brillado en los juegos intercolegiados municipales, zonales y departamentales, consolidando su talento y trabajo en equipo. Mat\u00edas Bedoya, Santiago Ord\u00f3\u00f1ez, Santiago Torres y Alejandro Ben\u00edtez destacaron su experiencia en las competencias recientes y sus expectativas para la fase regional. [&hellip;]<\/p>\n","protected":false},"author":3,"featured_media":37339,"comment_status":"open","ping_status":"open","sticky":false,"template":"","format":"video","meta":{"footnotes":""},"categories":[10,1515],"tags":[],"class_list":["post-37310","post","type-post","status-publish","format-video","has-post-thumbnail","hentry","category-cnc-noticias-tulua","category-cnc-tulua","post_format-post-format-video"],"_links":{"self":[{"href":"https:\/\/cnctulua.tv\/index.php?rest_route=\/wp\/v2\/posts\/37310","targetHints":{"allow":["GET"]}}],"collection":[{"href":"https:\/\/cnctulua.tv\/index.php?rest_route=\/wp\/v2\/posts"}],"about":[{"href":"https:\/\/cnctulua.tv\/index.php?rest_route=\/wp\/v2\/types\/post"}],"author":[{"embeddable":true,"href":"https:\/\/cnctulua.tv\/index.php?rest_route=\/wp\/v2\/users\/3"}],"replies":[{"embeddable":true,"href":"https:\/\/cnctulua.tv\/index.php?rest_route=%2Fwp%2Fv2%2Fcomments&post=37310"}],"version-history":[{"count":1,"href":"https:\/\/cnctulua.tv\/index.php?rest_route=\/wp\/v2\/posts\/37310\/revisions"}],"predecessor-version":[{"id":37341,"href":"https:\/\/cnctulua.tv\/index.php?rest_route=\/wp\/v2\/posts\/37310\/revisions\/37341"}],"wp:featuredmedia":[{"embeddable":true,"href":"https:\/\/cnctulua.tv\/index.php?rest_route=\/wp\/v2\/media\/37339"}],"wp:attachment":[{"href":"https:\/\/cnctulua.tv\/index.php?rest_route=%2Fwp%2Fv2%2Fmedia&parent=37310"}],"wp:term":[{"taxonomy":"category","embeddable":true,"href":"https:\/\/cnctulua.tv\/index.php?rest_route=%2Fwp%2Fv2%2Fcategories&post=37310"},{"taxonomy":"post_tag","embeddable":true,"href":"https:\/\/cnctulua.tv\/index.php?rest_route=%2Fwp%2Fv2%2Ftags&post=37310"}],"curies":[{"name":"wp","href":"https:\/\/api.w.org\/{rel}","templated":true}]}}