{"id":37316,"date":"2025-09-16T17:20:14","date_gmt":"2025-09-16T17:20:14","guid":{"rendered":"https:\/\/cnctulua.tv\/?p=37316"},"modified":"2025-09-16T17:20:14","modified_gmt":"2025-09-16T17:20:14","slug":"gobernadora-del-valle-propone-plan-piloto-en-jamundi-para-replantear-lucha-antidrogas","status":"publish","type":"post","link":"https:\/\/cnctulua.tv\/?p=37316","title":{"rendered":"Gobernadora del Valle propone plan piloto en Jamund\u00ed para replantear lucha antidrogas."},"content":{"rendered":"\n<p>Ante el anuncio de Estados Unidos de descertificar a Colombia por su desempe\u00f1o en la lucha contra el narcotr\u00e1fico, la gobernadora del Valle, Dilian Francisca Toro, hizo un llamado a replantear la estrategia nacional en esta materia y fortalecer la cooperaci\u00f3n internacional.<\/p>\n\n\n\n<figure class=\"wp-block-embed is-type-video is-provider-youtube wp-block-embed-youtube wp-embed-aspect-16-9 wp-has-aspect-ratio\"><div class=\"wp-block-embed__wrapper\">\nhttps:\/\/youtu.be\/iQsQqPPZSlM\n<\/div><\/figure>\n\n\n\n<p>La mandataria calific\u00f3 la decisi\u00f3n como un duro mensaje que afecta la reputaci\u00f3n del pa\u00eds y pone en evidencia los desaf\u00edos que enfrenta la Fuerza P\u00fablica frente a estructuras criminales. \u201cLa descertificaci\u00f3n debe asumirse como una alerta y una oportunidad para mejorar la pol\u00edtica antidrogas\u201d, afirm\u00f3.<\/p>\n\n\n\n<p>Toro propuso la implementaci\u00f3n de un plan piloto en Jamund\u00ed, con un enfoque integral que incluya inteligencia, fortalecimiento de capacidades militares y policiales, aspersi\u00f3n de glifosato y programas de sustituci\u00f3n de econom\u00edas il\u00edcitas.<\/p>\n\n\n\n<p>La gobernadora insisti\u00f3 en que se requiere mayor articulaci\u00f3n con el Gobierno Nacional y en la necesidad de reconstruir la cooperaci\u00f3n con Estados Unidos para garantizar seguridad y bienestar en las zonas rurales del suroccidente colombiano.<\/p>\n","protected":false},"excerpt":{"rendered":"<p>Ante el anuncio de Estados Unidos de descertificar a Colombia por su desempe\u00f1o en la lucha contra el narcotr\u00e1fico, la gobernadora del Valle, Dilian Francisca Toro, hizo un llamado a replantear la estrategia nacional en esta materia y fortalecer la cooperaci\u00f3n internacional. La mandataria calific\u00f3 la decisi\u00f3n como un duro mensaje que afecta la reputaci\u00f3n [&hellip;]<\/p>\n","protected":false},"author":3,"featured_media":37351,"comment_status":"open","ping_status":"open","sticky":false,"template":"","format":"video","meta":{"footnotes":""},"categories":[1],"tags":[],"class_list":["post-37316","post","type-post","status-publish","format-video","has-post-thumbnail","hentry","category-uncategorized","post_format-post-format-video"],"_links":{"self":[{"href":"https:\/\/cnctulua.tv\/index.php?rest_route=\/wp\/v2\/posts\/37316","targetHints":{"allow":["GET"]}}],"collection":[{"href":"https:\/\/cnctulua.tv\/index.php?rest_route=\/wp\/v2\/posts"}],"about":[{"href":"https:\/\/cnctulua.tv\/index.php?rest_route=\/wp\/v2\/types\/post"}],"author":[{"embeddable":true,"href":"https:\/\/cnctulua.tv\/index.php?rest_route=\/wp\/v2\/users\/3"}],"replies":[{"embeddable":true,"href":"https:\/\/cnctulua.tv\/index.php?rest_route=%2Fwp%2Fv2%2Fcomments&post=37316"}],"version-history":[{"count":1,"href":"https:\/\/cnctulua.tv\/index.php?rest_route=\/wp\/v2\/posts\/37316\/revisions"}],"predecessor-version":[{"id":37354,"href":"https:\/\/cnctulua.tv\/index.php?rest_route=\/wp\/v2\/posts\/37316\/revisions\/37354"}],"wp:featuredmedia":[{"embeddable":true,"href":"https:\/\/cnctulua.tv\/index.php?rest_route=\/wp\/v2\/media\/37351"}],"wp:attachment":[{"href":"https:\/\/cnctulua.tv\/index.php?rest_route=%2Fwp%2Fv2%2Fmedia&parent=37316"}],"wp:term":[{"taxonomy":"category","embeddable":true,"href":"https:\/\/cnctulua.tv\/index.php?rest_route=%2Fwp%2Fv2%2Fcategories&post=37316"},{"taxonomy":"post_tag","embeddable":true,"href":"https:\/\/cnctulua.tv\/index.php?rest_route=%2Fwp%2Fv2%2Ftags&post=37316"}],"curies":[{"name":"wp","href":"https:\/\/api.w.org\/{rel}","templated":true}]}}